{"id":28458,"date":"2025-01-13T16:02:33","date_gmt":"2025-01-13T19:02:33","guid":{"rendered":"https:\/\/radiosurfm.com\/web\/?p=28458"},"modified":"2025-01-13T16:02:33","modified_gmt":"2025-01-13T19:02:33","slug":"la-justicia-ordeno-al-gobierno-no-desmantelar-los-programas-contra-la-violencia-de-genero","status":"publish","type":"post","link":"https:\/\/radiosurfm.com\/web\/2025\/01\/13\/la-justicia-ordeno-al-gobierno-no-desmantelar-los-programas-contra-la-violencia-de-genero\/","title":{"rendered":"La Justicia orden\u00f3 al Gobierno no desmantelar los programas contra la violencia de g\u00e9nero"},"content":{"rendered":"<p>La Justicia le orden\u00f3 al Gobierno cesar con el desmantelamiento de la Subsecretar\u00eda de Protecci\u00f3n contra la Violencia de G\u00e9nero, dependiente del Ministerio de Justicia, a cargo de Mariano C\u00faneo Libarona, tras una presentaci\u00f3n realizada por parte de distintas organizaciones sociales y ONGs y dando un paso clave en la protecci\u00f3n de los derechos de las mujeres, ni\u00f1as y adolescentes.<\/p>\n<p>El juez Enrique Alonso Regueira, a cargo del Juzgado en lo Contencioso y Administrativo Federal 1, atendi\u00f3 el pedido en la \u00faltima semana de diciembre y dictamin\u00f3 una medida cautelar para que dicho ministerio se abstenga de reducir recursos humanos e infraestructura institucional de la Subsecretar\u00eda.<\/p>\n<p>Sin embargo, el 30 de diciembre el Ejecutivo impugn\u00f3 la cautelar firmada por el juez, aunque desde la cartera que lidera C\u00faneo Libarona no pudieron detallar en profundidad c\u00f3mo se sostendr\u00e1n los espacios, programas y herramientas para quienes los necesiten.<\/p>\n<p>Pese a que desde el Gobierno hab\u00edan negado el cierre de la mencionada Subsecretar\u00eda y de 81 Centros de Acceso a la Justicia (CAJ), tal como ocurri\u00f3 con los espacios vinculados a los Derechos Humanos, hasta el momento no se ha aportado una sola prueba que respalde su posici\u00f3n.<\/p>\n<p>Luego de que el Ejecutivo solicite que se habilite la feria judicial, es la C\u00e1mara Contencioso Administrativo Federal, a cargo de los jueces Marcelo D. Duffy, Jorge E. Moran y Rogelio W. Vincenti de la Sala IV, la que debe resolver si acepta o no el recurso.<\/p>\n<p><b>Qu\u00e9 dice la medida cautelar<\/b><\/p>\n<p>En la resoluci\u00f3n, Alonso Regueira destac\u00f3 que el Ministerio de Justicia, a pesar de haber alegado que los programas y recursos se encuentran reorganizados conforme criterios de \u201ceficacia y eficiencia\u201d de la actual gesti\u00f3n de gobierno, no ha presentado constancia alguna que permita demostrar que se est\u00e9 garantizando la prestaci\u00f3n m\u00ednima obligatoria en los t\u00e9rminos de la Ley de Protecci\u00f3n Integral de las Mujeres, ni ha mencionado la forma en la que se est\u00e1 cumpliendo con las prestaciones referidas.<\/p>\n<p>A su vez, el Gobierno tampoco explic\u00f3 en qu\u00e9 consiste la reorganizaci\u00f3n a la que alude ni de qu\u00e9 manera esa nueva estructuraci\u00f3n permitir\u00eda cumplir el deber de garantizar los derechos de las mujeres en situaci\u00f3n de vulnerabilidad.<\/p>\n<p>El Juez tambi\u00e9n destac\u00f3 que el Estado no ha respaldado con documentaci\u00f3n sus afirmaciones para demostrar de qu\u00e9 forma se estar\u00edan garantizando los derechos de las mujeres, ni\u00f1as y adolescentes v\u00edctimas y potenciales v\u00edctimas de violencia de g\u00e9nero, subray\u00f3 que esta indefinici\u00f3n es incompatible con el principio de progresividad en la satisfacci\u00f3n plena de los derechos y el umbral m\u00ednimo de cumplimiento de la ley, que se aplica en todo el pa\u00eds.<\/p>\n","protected":false},"excerpt":{"rendered":"<p>La Justicia le orden\u00f3 al Gobierno cesar con el desmantelamiento de la Subsecretar\u00eda de Protecci\u00f3n contra la Violencia de G\u00e9nero, dependiente del Ministerio de Justicia, a cargo de Mariano C\u00faneo Libarona, tras una presentaci\u00f3n realizada por parte de distintas organizaciones sociales y ONGs y dando un paso clave en la protecci\u00f3n de los derechos de [&hellip;]<\/p>\n","protected":false},"author":2,"featured_media":28459,"comment_status":"open","ping_status":"open","sticky":false,"template":"","format":"standard","meta":{"footnotes":""},"categories":[64],"tags":[],"class_list":["post-28458","post","type-post","status-publish","format-standard","has-post-thumbnail","hentry","category-nacionales"],"_links":{"self":[{"href":"https:\/\/radiosurfm.com\/web\/wp-json\/wp\/v2\/posts\/28458","targetHints":{"allow":["GET"]}}],"collection":[{"href":"https:\/\/radiosurfm.com\/web\/wp-json\/wp\/v2\/posts"}],"about":[{"href":"https:\/\/radiosurfm.com\/web\/wp-json\/wp\/v2\/types\/post"}],"author":[{"embeddable":true,"href":"https:\/\/radiosurfm.com\/web\/wp-json\/wp\/v2\/users\/2"}],"replies":[{"embeddable":true,"href":"https:\/\/radiosurfm.com\/web\/wp-json\/wp\/v2\/comments?post=28458"}],"version-history":[{"count":0,"href":"https:\/\/radiosurfm.com\/web\/wp-json\/wp\/v2\/posts\/28458\/revisions"}],"wp:featuredmedia":[{"embeddable":true,"href":"https:\/\/radiosurfm.com\/web\/wp-json\/wp\/v2\/media\/28459"}],"wp:attachment":[{"href":"https:\/\/radiosurfm.com\/web\/wp-json\/wp\/v2\/media?parent=28458"}],"wp:term":[{"taxonomy":"category","embeddable":true,"href":"https:\/\/radiosurfm.com\/web\/wp-json\/wp\/v2\/categories?post=28458"},{"taxonomy":"post_tag","embeddable":true,"href":"https:\/\/radiosurfm.com\/web\/wp-json\/wp\/v2\/tags?post=28458"}],"curies":[{"name":"wp","href":"https:\/\/api.w.org\/{rel}","templated":true}]}}