{"id":28489,"date":"2025-01-14T17:01:41","date_gmt":"2025-01-14T20:01:41","guid":{"rendered":"https:\/\/radiosurfm.com\/web\/?p=28489"},"modified":"2025-01-14T17:01:41","modified_gmt":"2025-01-14T20:01:41","slug":"en-esquina-investigan-la-muerte-de-un-nino-en-un-parque-acuatico","status":"publish","type":"post","link":"https:\/\/radiosurfm.com\/web\/2025\/01\/14\/en-esquina-investigan-la-muerte-de-un-nino-en-un-parque-acuatico\/","title":{"rendered":"En Esquina: Investigan la muerte de un ni\u00f1o en un parque acu\u00e1tico"},"content":{"rendered":"<div>Un ni\u00f1o de unos 9 a\u00f1os falleci\u00f3 al ahogarse en un parque acu\u00e1tico privado ubicado en las afueras de Esquina. El peque\u00f1o, oriundo de Santa Fe, se encontraba vacacionando con sus familiares en la ciudad del sur correntino. El hecho ocurri\u00f3 el domingo, pero tom\u00f3 difusi\u00f3n generalizada el lunes y caus\u00f3 gran conmoci\u00f3n en la localidad. Trascendi\u00f3 que el peque\u00f1o habr\u00eda tenido un episodio de epilepsia lo que desencaden\u00f3 la tragedia.<\/div>\n<div>\n<div><\/div>\n<div>Al detectar el cuerpo del menor flotando en el natatorio, lo rescataron y le practicaron de urgencia maniobras de reanimaci\u00f3n que fueron infructuosas, antes de subirlo en un veh\u00edculo particular para trasladarlo hasta el Hospital San Roque, donde ya habr\u00eda llegado sin signos vitales, public\u00f3 el portal Actualidad Esquina.<\/div>\n<div>Las actuaciones legales se tramitan en la Comisar\u00eda Segunda de Esquina y aguardan el resultado de la autopsia que le practicar\u00e1n al menor en Goya.<\/div>\n<\/div>\n<div>\n<div><\/div>\n<div>Desde la empresa que administra el parque acu\u00e1tico difundieron un comunicado a trav\u00e9s del cual manifiestan el &#8220;profundo pesar&#8221; por el fallecimiento del peque\u00f1o y aclararon que &#8220;por respeto a la familia, que atraviesa un momento de inmenso dolor, hemos decidido actuar con la mayor prudencia en relaci\u00f3n con la informaci\u00f3n que podamos brindar para responder a las dudas planteadas en las \u00faltimas horas&#8221;.<\/div>\n<\/div>\n<div>\n<div><\/div>\n<div>El comunicado lleva la firma de Enrique &#8220;Quique&#8221; Taglialegne, donde se expresa: &#8220;Queremos que sepan que todo lo que hacemos en Quiquelandia lo realizamos con responsabilidad, diligencia y estricta adherencia (sic) a las medidas de seguridad necesarias para las actividades que se llevan a cabo en el complejo&#8221;. Adelantaron que emitir\u00edan un comunicado oficial con el parte m\u00e9dico y la Fiscal\u00eda interviniente est\u00e1 a cargo de Luciano Nicol\u00e1s Bord\u00f3n<\/div>\n<\/div>\n<div>\n<div><\/div>\n<div>Por \u00faltimo, expresaron que &#8220;hoy estamos de duelo, acompa\u00f1ando con todo nuestro coraz\u00f3n a la familia y a sus seres queridos. Agradecemos profundamente su comprensi\u00f3n y apoyo en este momento tan dif\u00edcil&#8221;.<\/div>\n<\/div>\n","protected":false},"excerpt":{"rendered":"<p>Un ni\u00f1o de unos 9 a\u00f1os falleci\u00f3 al ahogarse en un parque acu\u00e1tico privado ubicado en las afueras de Esquina. El peque\u00f1o, oriundo de Santa Fe, se encontraba vacacionando con sus familiares en la ciudad del sur correntino. El hecho ocurri\u00f3 el domingo, pero tom\u00f3 difusi\u00f3n generalizada el lunes y caus\u00f3 gran conmoci\u00f3n en la [&hellip;]<\/p>\n","protected":false},"author":2,"featured_media":28490,"comment_status":"open","ping_status":"open","sticky":false,"template":"","format":"standard","meta":{"footnotes":""},"categories":[68,72],"tags":[],"class_list":["post-28489","post","type-post","status-publish","format-standard","has-post-thumbnail","hentry","category-policiales-nacionales","category-provinciales"],"_links":{"self":[{"href":"https:\/\/radiosurfm.com\/web\/wp-json\/wp\/v2\/posts\/28489","targetHints":{"allow":["GET"]}}],"collection":[{"href":"https:\/\/radiosurfm.com\/web\/wp-json\/wp\/v2\/posts"}],"about":[{"href":"https:\/\/radiosurfm.com\/web\/wp-json\/wp\/v2\/types\/post"}],"author":[{"embeddable":true,"href":"https:\/\/radiosurfm.com\/web\/wp-json\/wp\/v2\/users\/2"}],"replies":[{"embeddable":true,"href":"https:\/\/radiosurfm.com\/web\/wp-json\/wp\/v2\/comments?post=28489"}],"version-history":[{"count":0,"href":"https:\/\/radiosurfm.com\/web\/wp-json\/wp\/v2\/posts\/28489\/revisions"}],"wp:featuredmedia":[{"embeddable":true,"href":"https:\/\/radiosurfm.com\/web\/wp-json\/wp\/v2\/media\/28490"}],"wp:attachment":[{"href":"https:\/\/radiosurfm.com\/web\/wp-json\/wp\/v2\/media?parent=28489"}],"wp:term":[{"taxonomy":"category","embeddable":true,"href":"https:\/\/radiosurfm.com\/web\/wp-json\/wp\/v2\/categories?post=28489"},{"taxonomy":"post_tag","embeddable":true,"href":"https:\/\/radiosurfm.com\/web\/wp-json\/wp\/v2\/tags?post=28489"}],"curies":[{"name":"wp","href":"https:\/\/api.w.org\/{rel}","templated":true}]}}