{"id":28498,"date":"2025-01-14T17:31:19","date_gmt":"2025-01-14T20:31:19","guid":{"rendered":"https:\/\/radiosurfm.com\/web\/?p=28498"},"modified":"2025-01-14T17:31:19","modified_gmt":"2025-01-14T20:31:19","slug":"el-gobierno-echo-otros-1-100-empleados-publicos-y-ya-son-36-000-los-despidos-en-el-estado-en-la-era-javier-milei","status":"publish","type":"post","link":"https:\/\/radiosurfm.com\/web\/2025\/01\/14\/el-gobierno-echo-otros-1-100-empleados-publicos-y-ya-son-36-000-los-despidos-en-el-estado-en-la-era-javier-milei\/","title":{"rendered":"El Gobierno ech\u00f3 otros 1.100 empleados p\u00fablicos y ya son 36.000 los despidos en el Estado en la era Javier Milei"},"content":{"rendered":"<div>El noviembre el Gobierno continu\u00f3 con el recorte de personal en el Estado al sumar unos 1.111 despidos respecto del mes anterior de acuerdo con datos del Ministerio de Desregulaci\u00f3n.<\/div>\n<div><\/div>\n<div>El reporte indica que a noviembre de 2024 la cantidad de personas desafectadas de la Administraci\u00f3n P\u00fablica Nacional (APN) y las empresas del Estado sumaron 35.936. En el anterior informe de octubre, los trabajadores que hab\u00edan perdido su empleo en el Estado eran 34.829.<\/div>\n<div><\/div>\n<div>El 48,7% de las bajas es de trabajadores que revest\u00edan car\u00e1cter de monotributistas que vend\u00edan sus servicios a alguna oficina p\u00fablica. Se trata de los empleados que menores ingresos registraban. El 18,3% corresponde a empleados bajo lo que se conoce como Ley Marco, que permit\u00eda la incorporaci\u00f3n de personal por tiempo determinado. Este segmento ten\u00eda un mejor salario y es el que podr\u00eda asociarse en mayor medida a lo que se conoce como \u201cpatronazgo\u201d.<\/div>\n<div><\/div>\n<div>\n<div>El patronazgo es una forma de incorporaci\u00f3n de personas como empleadas al Estado por influencia de dirigentes pol\u00edticos. Los empleados son contratados por 90 o 180 d\u00edas y suelen ocupar puestos jer\u00e1rquicos que tambi\u00e9n suelen terminar cuando el funcionario de alta jerarqu\u00eda deja su cargo.<\/div>\n<div>En lo relacionado con empleados de planta permanente la baja es del 4,1% que se pueden deber a cuestiones vegetativas, es decir, personas que se jubilan y otras que aceptaron planes de retiro voluntario. En algunos casos se trata de ex empleados de organismos que fueron cerrados y pasan a disponibilidad. Si en dos a\u00f1os el Estado no les asigna una tarea quedan despedidos.<\/div>\n<\/div>\n<div><\/div>\n<div>\n<div>El informe de la dependencia que dirige Federico Sturzenegger se\u00f1ala que la reducci\u00f3n en el personal del sector de APN \u201cimplic\u00f3, entre diciembre de 2023 y noviembre de 2024, un ahorro de u$s4.012 millones\u201d.<\/div>\n<div>\u201cEl recorte se ha manifestado de manera m\u00e1s pronunciada en los contratos regidos por la Ley Marco, con una disminuci\u00f3n de u$s2.114 millones\u201d, a\u00f1ade el estudio.<\/div>\n<div>El mismo indica que \u201cen cuanto a la modalidad permanente y transitoria, el ahorro alcanz\u00f3 los u$s1.306 millones, mientras que en la modalidad de contratos LOYS (monotributistas) se logr\u00f3 un ahorro de u$s592 millones\u201d.<\/div>\n<div>El n\u00famero que ofrece el Ministerio de Desregulaci\u00f3n es un estimado de lo que dejar\u00eda de pagar el Estado por esos salarios, que se calcula en base a un ingreso promedio, proyectando el costo a futuro y ajustando el valor al presente.<\/div>\n<h2 class=\"\">Cae el empleo registrado<\/h2>\n<div>De acuerdo con datos de Sistema Integrado Previsional Argentino (SIPA) en los primeros 10 meses del 2024 se perdieron 107.282 empleados registrados. En octubre fueron 25.664 cifra que fue equivalente a la cantidad de puestos creados en los tres meses anteriores.<\/div>\n<div>Las p\u00e9rdidas de puestos de trabajo se presentaron entre los trabajadores independientes. El r\u00e9gimen de Monotributo registr\u00f3 una contracci\u00f3n del 1,3% mensual, restando unos 27.164 puestos, a lo que se sumaron los inscriptos en el Monotributo Social que cayeron un 0,2% (-1.363). Los aut\u00f3nomos acompa\u00f1aron la din\u00e1mica por sexto mes consecutivo y presentaron una merma del 0,5% mensual reflejando una p\u00e9rdida de 2.038 puestos de trabajo.<\/div>\n<div>En tanto, en el sector privado y en el Estado hubo en octubre una leve suba de puestos de unos 2.000.<\/div>\n<\/div>\n","protected":false},"excerpt":{"rendered":"<p>El noviembre el Gobierno continu\u00f3 con el recorte de personal en el Estado al sumar unos 1.111 despidos respecto del mes anterior de acuerdo con datos del Ministerio de Desregulaci\u00f3n. El reporte indica que a noviembre de 2024 la cantidad de personas desafectadas de la Administraci\u00f3n P\u00fablica Nacional (APN) y las empresas del Estado sumaron [&hellip;]<\/p>\n","protected":false},"author":2,"featured_media":28499,"comment_status":"open","ping_status":"open","sticky":false,"template":"","format":"standard","meta":{"footnotes":""},"categories":[65,64],"tags":[],"class_list":["post-28498","post","type-post","status-publish","format-standard","has-post-thumbnail","hentry","category-economia","category-nacionales"],"_links":{"self":[{"href":"https:\/\/radiosurfm.com\/web\/wp-json\/wp\/v2\/posts\/28498","targetHints":{"allow":["GET"]}}],"collection":[{"href":"https:\/\/radiosurfm.com\/web\/wp-json\/wp\/v2\/posts"}],"about":[{"href":"https:\/\/radiosurfm.com\/web\/wp-json\/wp\/v2\/types\/post"}],"author":[{"embeddable":true,"href":"https:\/\/radiosurfm.com\/web\/wp-json\/wp\/v2\/users\/2"}],"replies":[{"embeddable":true,"href":"https:\/\/radiosurfm.com\/web\/wp-json\/wp\/v2\/comments?post=28498"}],"version-history":[{"count":0,"href":"https:\/\/radiosurfm.com\/web\/wp-json\/wp\/v2\/posts\/28498\/revisions"}],"wp:featuredmedia":[{"embeddable":true,"href":"https:\/\/radiosurfm.com\/web\/wp-json\/wp\/v2\/media\/28499"}],"wp:attachment":[{"href":"https:\/\/radiosurfm.com\/web\/wp-json\/wp\/v2\/media?parent=28498"}],"wp:term":[{"taxonomy":"category","embeddable":true,"href":"https:\/\/radiosurfm.com\/web\/wp-json\/wp\/v2\/categories?post=28498"},{"taxonomy":"post_tag","embeddable":true,"href":"https:\/\/radiosurfm.com\/web\/wp-json\/wp\/v2\/tags?post=28498"}],"curies":[{"name":"wp","href":"https:\/\/api.w.org\/{rel}","templated":true}]}}