{"id":28510,"date":"2025-01-14T17:48:36","date_gmt":"2025-01-14T20:48:36","guid":{"rendered":"https:\/\/radiosurfm.com\/web\/?p=28510"},"modified":"2025-01-14T17:48:36","modified_gmt":"2025-01-14T20:48:36","slug":"a-7-meses-de-su-desaparicion-vecinos-de-goya-pidieron-por-la-aparicion-de-loan","status":"publish","type":"post","link":"https:\/\/radiosurfm.com\/web\/2025\/01\/14\/a-7-meses-de-su-desaparicion-vecinos-de-goya-pidieron-por-la-aparicion-de-loan\/","title":{"rendered":"A 7 meses de su desaparici\u00f3n: Vecinos de Goya pidieron por la aparici\u00f3n de Loan"},"content":{"rendered":"<p><span class=\"intro\">Ayer se cumplieron siete meses desde la desaparici\u00f3n de Loan Danilo Pe\u00f1a, y decenas de vecinos pidieron en Goya por la aparici\u00f3n del menor, de 5 a\u00f1os, quien fue visto por \u00faltima vez el 13 de junio del a\u00f1o pasado, luego de asistir a un almuerzo familiar en la casa de su abuela Catalina, en el paraje El Algarrobal, en 9 de Julio.<br \/>\n<\/span><\/p>\n<p><span class=\"cuerpo\">En ese contexto, un grupo de personas se junt\u00f3 en la plaza Mitre para pedir explicaciones acerca del caso, cuya investigaci\u00f3n, al menos hasta el momento, arroj\u00f3 much\u00edsimas m\u00e1s dudas que certezas, con incontables giros, denuncias cruzadas, m\u00faltiples declaraciones y varios detenidos.<\/p>\n<p>La movilizaci\u00f3n en Goya fue convocada por la Red de Infancia Robada y desde las 19.30 vecinos se congregaron en el espacio p\u00fablico para exigir respuestas que permitan develar el hecho que por semanas mantuvo en vilo al pa\u00eds.<\/p>\n<p>Mientras tanto, quienes contin\u00faan detenidos y fueron procesados por sustracci\u00f3n y ocultamiento de un menor de 10 a\u00f1os son Antonio Ben\u00edtez; Daniel \u00abFierrito\u00bb Ram\u00edrez; la ex funcionaria municipal, Mar\u00eda Victoria Caillava; el capit\u00e1n de nav\u00edo retirado, Carlos P\u00e9rez; y la t\u00eda del peque\u00f1o, Laudelina Pe\u00f1a.<\/p>\n<p>Quien tambi\u00e9n se encuentra detenido es el ex comisario de 9 de Julio, Walter Maciel, procesado como part\u00edcipe necesario en la sustracci\u00f3n y ocultamiento de un menor de 10 a\u00f1os, en concurso ideal con encubrimiento, agravado por su calidad de funcionario p\u00fablico. Por su parte, M\u00f3nica del Carmen Millapi, procesada por sustracci\u00f3n y ocultamiento, cumple prisi\u00f3n domiciliaria.<\/span><\/p>\n","protected":false},"excerpt":{"rendered":"<p>Ayer se cumplieron siete meses desde la desaparici\u00f3n de Loan Danilo Pe\u00f1a, y decenas de vecinos pidieron en Goya por la aparici\u00f3n del menor, de 5 a\u00f1os, quien fue visto por \u00faltima vez el 13 de junio del a\u00f1o pasado, luego de asistir a un almuerzo familiar en la casa de su abuela Catalina, en [&hellip;]<\/p>\n","protected":false},"author":2,"featured_media":28511,"comment_status":"open","ping_status":"open","sticky":false,"template":"","format":"standard","meta":{"footnotes":""},"categories":[56],"tags":[],"class_list":["post-28510","post","type-post","status-publish","format-standard","has-post-thumbnail","hentry","category-locales"],"_links":{"self":[{"href":"https:\/\/radiosurfm.com\/web\/wp-json\/wp\/v2\/posts\/28510","targetHints":{"allow":["GET"]}}],"collection":[{"href":"https:\/\/radiosurfm.com\/web\/wp-json\/wp\/v2\/posts"}],"about":[{"href":"https:\/\/radiosurfm.com\/web\/wp-json\/wp\/v2\/types\/post"}],"author":[{"embeddable":true,"href":"https:\/\/radiosurfm.com\/web\/wp-json\/wp\/v2\/users\/2"}],"replies":[{"embeddable":true,"href":"https:\/\/radiosurfm.com\/web\/wp-json\/wp\/v2\/comments?post=28510"}],"version-history":[{"count":0,"href":"https:\/\/radiosurfm.com\/web\/wp-json\/wp\/v2\/posts\/28510\/revisions"}],"wp:featuredmedia":[{"embeddable":true,"href":"https:\/\/radiosurfm.com\/web\/wp-json\/wp\/v2\/media\/28511"}],"wp:attachment":[{"href":"https:\/\/radiosurfm.com\/web\/wp-json\/wp\/v2\/media?parent=28510"}],"wp:term":[{"taxonomy":"category","embeddable":true,"href":"https:\/\/radiosurfm.com\/web\/wp-json\/wp\/v2\/categories?post=28510"},{"taxonomy":"post_tag","embeddable":true,"href":"https:\/\/radiosurfm.com\/web\/wp-json\/wp\/v2\/tags?post=28510"}],"curies":[{"name":"wp","href":"https:\/\/api.w.org\/{rel}","templated":true}]}}