{"id":28533,"date":"2025-01-15T16:21:48","date_gmt":"2025-01-15T19:21:48","guid":{"rendered":"https:\/\/radiosurfm.com\/web\/?p=28533"},"modified":"2025-01-15T16:21:48","modified_gmt":"2025-01-15T19:21:48","slug":"accidente-en-lavalle-una-motociclista-con-politraumatismos","status":"publish","type":"post","link":"https:\/\/radiosurfm.com\/web\/2025\/01\/15\/accidente-en-lavalle-una-motociclista-con-politraumatismos\/","title":{"rendered":"Accidente en Lavalle: Una motociclista con politraumatismos"},"content":{"rendered":"<p>Un accidente de singulares caracter\u00edsticas se registr\u00f3 en la noche del martes, minutos antes de las 22, en el acceso norte de la localidad de Lavalle, sobre ruta provincial 27 y calle 9 de julio. Por causas que se investigan colisionaron un autom\u00f3vil y una motocicleta, que dej\u00f3 como saldo a una mujer lesionada que debi\u00f3 ser atendida en la guardia del Hospital Camilo Muniagurria de Goya. Intervinieron la comisaria distrito de Lavalle, personal de salud y peritos de las Unidad Regional II\u00b0.<\/p>\n<p>Seg\u00fan fuentes del nosocomio local, la accidentada fue identificada como, Cecilia Moreira, quien resulto con politraumatismos varios, pero las lesiones afortunadamente serian de car\u00e1cter leve.<\/p>\n<p>Trascendi\u00f3 que se movilizaba acompa\u00f1ada por un menor de edad que habr\u00eda resultado sin lesiones.<\/p>\n<p>El accidente se registr\u00f3 frente al acceso del cementerio municipal de la localidad de Lavalle.<\/p>\n","protected":false},"excerpt":{"rendered":"<p>Un accidente de singulares caracter\u00edsticas se registr\u00f3 en la noche del martes, minutos antes de las 22, en el acceso norte de la localidad de Lavalle, sobre ruta provincial 27 y calle 9 de julio. Por causas que se investigan colisionaron un autom\u00f3vil y una motocicleta, que dej\u00f3 como saldo a una mujer lesionada que [&hellip;]<\/p>\n","protected":false},"author":2,"featured_media":28534,"comment_status":"open","ping_status":"open","sticky":false,"template":"","format":"standard","meta":{"footnotes":""},"categories":[56,68],"tags":[],"class_list":["post-28533","post","type-post","status-publish","format-standard","has-post-thumbnail","hentry","category-locales","category-policiales-nacionales"],"_links":{"self":[{"href":"https:\/\/radiosurfm.com\/web\/wp-json\/wp\/v2\/posts\/28533","targetHints":{"allow":["GET"]}}],"collection":[{"href":"https:\/\/radiosurfm.com\/web\/wp-json\/wp\/v2\/posts"}],"about":[{"href":"https:\/\/radiosurfm.com\/web\/wp-json\/wp\/v2\/types\/post"}],"author":[{"embeddable":true,"href":"https:\/\/radiosurfm.com\/web\/wp-json\/wp\/v2\/users\/2"}],"replies":[{"embeddable":true,"href":"https:\/\/radiosurfm.com\/web\/wp-json\/wp\/v2\/comments?post=28533"}],"version-history":[{"count":0,"href":"https:\/\/radiosurfm.com\/web\/wp-json\/wp\/v2\/posts\/28533\/revisions"}],"wp:featuredmedia":[{"embeddable":true,"href":"https:\/\/radiosurfm.com\/web\/wp-json\/wp\/v2\/media\/28534"}],"wp:attachment":[{"href":"https:\/\/radiosurfm.com\/web\/wp-json\/wp\/v2\/media?parent=28533"}],"wp:term":[{"taxonomy":"category","embeddable":true,"href":"https:\/\/radiosurfm.com\/web\/wp-json\/wp\/v2\/categories?post=28533"},{"taxonomy":"post_tag","embeddable":true,"href":"https:\/\/radiosurfm.com\/web\/wp-json\/wp\/v2\/tags?post=28533"}],"curies":[{"name":"wp","href":"https:\/\/api.w.org\/{rel}","templated":true}]}}