{"id":28545,"date":"2025-01-15T16:35:52","date_gmt":"2025-01-15T19:35:52","guid":{"rendered":"https:\/\/radiosurfm.com\/web\/?p=28545"},"modified":"2025-01-15T16:35:52","modified_gmt":"2025-01-15T19:35:52","slug":"prohibido-encender-fuego-pronostican-un-fin-de-semana-de-condiciones-extremas-similares-al-2022-para-los-incendios","status":"publish","type":"post","link":"https:\/\/radiosurfm.com\/web\/2025\/01\/15\/prohibido-encender-fuego-pronostican-un-fin-de-semana-de-condiciones-extremas-similares-al-2022-para-los-incendios\/","title":{"rendered":"PROHIBIDO ENCENDER FUEGO: Pronostican un fin de semana de condiciones extremas similares al 2022 para los incendios"},"content":{"rendered":"<p>Aunque los registros de puntos de calor y focos de incendio comenzaron a fines de 2024 y se fueron agravando durante la primera quincena de enero, ser\u00e1 \u00e9ste pr\u00f3ximo fin de semana uno de los m\u00e1s peligrosos para el fuego desde que comenz\u00f3 el nuevo a\u00f1o.<\/p>\n<p>Durante los \u00faltimos d\u00edas, bomberos y brigadistas de toda la provincia trabajan para sofocar entre 30 y 65 incendios cada d\u00eda. Y las condiciones meteorol\u00f3gicas \u2013 similares a las que se registraron durante la peor temporada de incendios de la provincia en 2022 \u2013 hacen suponer que desde ahora y al menos hasta el mes de febrero los focos podr\u00edan multiplicarse en cantidad y propagarse con velocidad.<\/p>\n<p>&#8220;El monitoreo permite registrar un promedio de 30 a 35 puntos de calor diarios, pero se suman incendios menores que se detectan y combaten muy r\u00e1pido y no entran en ese sistema. Estamos manejando una tasa de 65 incendios diarios dentro de la provincia&#8221;, precis\u00f3 Bruno Lovinson, subdirector de Defensa Civil y coordinador del Comando Operativo de Emergencias (COE) de la provincia.<\/p>\n<p>&#8220;Sobre este pr\u00f3ximo fin de semana tendr\u00edamos condiciones casi iguales a las que tuvimos en 2022, respecto al comportamiento de la meteorolog\u00eda&#8221;; advirti\u00f3 Lovinson. Aunque con menores \u00edndices de sequ\u00eda que en el verano m\u00e1s complicado para los incendios sucedidos ese a\u00f1o, las condiciones clim\u00e1ticas ser\u00edan &#8220;casi iguales: temperaturas que oscilan los 38 grados, baja humedad y viento, a lo que se suma la cantidad de material combustible acumulado por las lluvias de los \u00faltimos dos a\u00f1os&#8221;, explic\u00f3. &#8220;Venimos teniendo m\u00e1s de 10 d\u00edas de condiciones extremas en toda la provincia, aunque algunos sectores tienen un poco menos riesgo, en ning\u00fan caso los \u00edndices bajan de muy alto&#8221;, remarc\u00f3.<\/p>\n<p>&#8220;Nos preocupa mucho, por eso todos los incendios que detectemos van a ser investigados y se va a dar intervenci\u00f3n a las fiscal\u00edas ecol\u00f3gicas&#8221;, se\u00f1al\u00f3 el funcionario, en sinton\u00eda con la advertencia del gobernador Gustavo Vald\u00e9s realizada hace algunas semanas, quien determin\u00f3 un control riguroso y sanciones para quienes inicien quemas intencionales pese a la prohibici\u00f3n de hacerlo.<\/p>\n<p>En ese sentido, Lovinson reconoci\u00f3 un alto acatamiento a la prohibici\u00f3n, pero alert\u00f3 sobre la existencia de personas que &#8220;siguen utilizando esta metodolog\u00eda \u2013 de quema de campos -. Esos son los incendios de mayor dimensi\u00f3n que estamos combatiendo. Hay gente que no acata, que produce quemas, con condiciones que son muy aptas para la propagaci\u00f3n de muchas hect\u00e1reas en pocos minutos. Incluso con la cantidad de recursos, que se han incrementado entre un 300% o 400% desde 2022, resulta muy dif\u00edcil sofocarlos&#8221;, asegur\u00f3 el referente.<\/p>\n<p>As\u00ed, de dos denuncias ante fiscal\u00edas ambientales realizadas la semana pasada, el n\u00famero sigue creciendo. &#8220;Las contravenciones van en aumento. Tanto el personal de polic\u00eda de las delegaciones del PRIAR, como las Unidades Regionales tienen la consigna de actuar directamente con multas que son muy elevadas. No hay otra forma. Se est\u00e1 haciendo un trabajo riguroso en ese sentido&#8221;, apunt\u00f3 Lovinson.<\/p>\n<p>Con un panorama que tiende a empeorar y adem\u00e1s se proyecta extendido para febrero, el subdirector de Defensa Civil remarc\u00f3 que la labor del personal de COE &#8220;trabaja 24 horas con el an\u00e1lisis de datos y procesamiento de informaci\u00f3n, a la vez que inst\u00f3 a la poblaci\u00f3n a alertar, advertir y denunciar focos de incendio a trav\u00e9s de los n\u00fameros gratuitos 100, 103, 105 y 911; as\u00ed como la aplicaci\u00f3n que se puede descargar en los celulares llamada Alerta Corrientes y el aviso a los controles en ruta&#8221;.<\/p>\n<p>Al final, Lovinson tambi\u00e9n destac\u00f3 la ayuda de la poblaci\u00f3n y el soporte de los vecinos a los bomberos y brigadistas que trabajan en terreno. &#8220;Aportan combustible para los m\u00f3viles, acercan agua, frutas y caramelos a los cuarteles. Eso es muy destacable&#8221;, finaliz\u00f3.<\/p>\n","protected":false},"excerpt":{"rendered":"<p>Aunque los registros de puntos de calor y focos de incendio comenzaron a fines de 2024 y se fueron agravando durante la primera quincena de enero, ser\u00e1 \u00e9ste pr\u00f3ximo fin de semana uno de los m\u00e1s peligrosos para el fuego desde que comenz\u00f3 el nuevo a\u00f1o. Durante los \u00faltimos d\u00edas, bomberos y brigadistas de toda [&hellip;]<\/p>\n","protected":false},"author":2,"featured_media":26721,"comment_status":"open","ping_status":"open","sticky":false,"template":"","format":"standard","meta":{"footnotes":""},"categories":[72],"tags":[],"class_list":["post-28545","post","type-post","status-publish","format-standard","has-post-thumbnail","hentry","category-provinciales"],"_links":{"self":[{"href":"https:\/\/radiosurfm.com\/web\/wp-json\/wp\/v2\/posts\/28545","targetHints":{"allow":["GET"]}}],"collection":[{"href":"https:\/\/radiosurfm.com\/web\/wp-json\/wp\/v2\/posts"}],"about":[{"href":"https:\/\/radiosurfm.com\/web\/wp-json\/wp\/v2\/types\/post"}],"author":[{"embeddable":true,"href":"https:\/\/radiosurfm.com\/web\/wp-json\/wp\/v2\/users\/2"}],"replies":[{"embeddable":true,"href":"https:\/\/radiosurfm.com\/web\/wp-json\/wp\/v2\/comments?post=28545"}],"version-history":[{"count":0,"href":"https:\/\/radiosurfm.com\/web\/wp-json\/wp\/v2\/posts\/28545\/revisions"}],"wp:featuredmedia":[{"embeddable":true,"href":"https:\/\/radiosurfm.com\/web\/wp-json\/wp\/v2\/media\/26721"}],"wp:attachment":[{"href":"https:\/\/radiosurfm.com\/web\/wp-json\/wp\/v2\/media?parent=28545"}],"wp:term":[{"taxonomy":"category","embeddable":true,"href":"https:\/\/radiosurfm.com\/web\/wp-json\/wp\/v2\/categories?post=28545"},{"taxonomy":"post_tag","embeddable":true,"href":"https:\/\/radiosurfm.com\/web\/wp-json\/wp\/v2\/tags?post=28545"}],"curies":[{"name":"wp","href":"https:\/\/api.w.org\/{rel}","templated":true}]}}