{"id":28547,"date":"2025-01-15T16:37:41","date_gmt":"2025-01-15T19:37:41","guid":{"rendered":"https:\/\/radiosurfm.com\/web\/?p=28547"},"modified":"2025-01-15T16:37:56","modified_gmt":"2025-01-15T19:37:56","slug":"28547","status":"publish","type":"post","link":"https:\/\/radiosurfm.com\/web\/2025\/01\/15\/28547\/","title":{"rendered":"ESTE FIN DE SEMANA: A puro brillo y m\u00fasica, Bella Vista se prepara para vivir sus carnavales"},"content":{"rendered":"<p>Con el acompa\u00f1amiento del Gobierno de la Provincia a trav\u00e9s del Ministerio de Turismo de Corrientes, en este nuevo a\u00f1o 2025, las noches de brillo y color regresar\u00e1n con el mismo esp\u00edritu festivo que caracteriza a la celebraci\u00f3n.<\/p>\n<p>Por lo tanto, el 18, 25 de enero y el 1 de febrero, se llevar\u00e1n a cabo las tres noches de carnaval en la localidad de Bella Vista, con la participaci\u00f3n de las comparsas Sapucay, Alel\u00ed y Anah\u00ed.<\/p>\n<p>Por ello, el regreso de los carnavales en Bella Vista genera entusiasmo en la comunidad priorizando la festividad.<\/p>\n<p><b>Otras opciones de verano en Bella Vista<\/b><\/p>\n<p>Por otra parte, tanto turistas y visitantes que se acerquen a Bella Vista podr\u00e1n disfrutar de los principales atractivos tur\u00edsticos de la localidad. Entre las actividades destacadas se encuentran las excursiones a la reserva paleontol\u00f3gica Torop\u00ed, city tours, paseos a caballo, canotaje, servicios de lancha, entre otros.<\/p>\n<p>La temporada de verano 2025 promete ser una de las m\u00e1s destacadas en la historia de Bella Vista, con una oferta tur\u00edstica variada, eventos culturales y un ambiente festivo que atraer\u00e1 a visitantes de todas partes del pa\u00eds.<\/p>\n","protected":false},"excerpt":{"rendered":"<p>Con el acompa\u00f1amiento del Gobierno de la Provincia a trav\u00e9s del Ministerio de Turismo de Corrientes, en este nuevo a\u00f1o 2025, las noches de brillo y color regresar\u00e1n con el mismo esp\u00edritu festivo que caracteriza a la celebraci\u00f3n. Por lo tanto, el 18, 25 de enero y el 1 de febrero, se llevar\u00e1n a cabo [&hellip;]<\/p>\n","protected":false},"author":2,"featured_media":28548,"comment_status":"open","ping_status":"open","sticky":false,"template":"","format":"standard","meta":{"footnotes":""},"categories":[67,72],"tags":[],"class_list":["post-28547","post","type-post","status-publish","format-standard","has-post-thumbnail","hentry","category-cultura","category-provinciales"],"_links":{"self":[{"href":"https:\/\/radiosurfm.com\/web\/wp-json\/wp\/v2\/posts\/28547","targetHints":{"allow":["GET"]}}],"collection":[{"href":"https:\/\/radiosurfm.com\/web\/wp-json\/wp\/v2\/posts"}],"about":[{"href":"https:\/\/radiosurfm.com\/web\/wp-json\/wp\/v2\/types\/post"}],"author":[{"embeddable":true,"href":"https:\/\/radiosurfm.com\/web\/wp-json\/wp\/v2\/users\/2"}],"replies":[{"embeddable":true,"href":"https:\/\/radiosurfm.com\/web\/wp-json\/wp\/v2\/comments?post=28547"}],"version-history":[{"count":0,"href":"https:\/\/radiosurfm.com\/web\/wp-json\/wp\/v2\/posts\/28547\/revisions"}],"wp:featuredmedia":[{"embeddable":true,"href":"https:\/\/radiosurfm.com\/web\/wp-json\/wp\/v2\/media\/28548"}],"wp:attachment":[{"href":"https:\/\/radiosurfm.com\/web\/wp-json\/wp\/v2\/media?parent=28547"}],"wp:term":[{"taxonomy":"category","embeddable":true,"href":"https:\/\/radiosurfm.com\/web\/wp-json\/wp\/v2\/categories?post=28547"},{"taxonomy":"post_tag","embeddable":true,"href":"https:\/\/radiosurfm.com\/web\/wp-json\/wp\/v2\/tags?post=28547"}],"curies":[{"name":"wp","href":"https:\/\/api.w.org\/{rel}","templated":true}]}}