{"id":28554,"date":"2025-01-15T16:43:25","date_gmt":"2025-01-15T19:43:25","guid":{"rendered":"https:\/\/radiosurfm.com\/web\/?p=28554"},"modified":"2025-01-15T16:43:25","modified_gmt":"2025-01-15T19:43:25","slug":"siguen-los-trabajos-para-el-inicio-de-los-carnavales-goya-2025","status":"publish","type":"post","link":"https:\/\/radiosurfm.com\/web\/2025\/01\/15\/siguen-los-trabajos-para-el-inicio-de-los-carnavales-goya-2025\/","title":{"rendered":"Siguen los trabajos para el inicio de los Carnavales Goya 2025"},"content":{"rendered":"<p>En la cuenta regresiva de los Carnavales Goya 2025 contin\u00faan las obras de infraestructura en la alfombra blanca del Cors\u00f3dromo de Costa Surub\u00ed. Cuatro noches de desfile de agrupaciones y comparsas: Fenix, Arami, Tropical, Ita Ver\u00e1, Poramb\u00e1 y Aymar\u00e1, los d\u00edas 18 y 25 de enero y 1 y 8 de febrero.<\/p>\n<div>Esta edici\u00f3n 2025 cont\u00f3 con la construcci\u00f3n de tribunas con una capacidad de 2.500 personas. Adem\u00e1s los trabajos de montaje de palco oficial, un sector para el jurado y para la prensa. Tambi\u00e9n conectividad, iluminaci\u00f3n, sonido entre otras obras complementarias.<\/div>\n<div><\/div>\n<div>Esta infraestructura forma parte de las acciones que lleva adelante la gesti\u00f3n municipal para potenciar este evento y posicionar los carnavales goyanos como un evento tur\u00edstico en el litoral argentino.<\/div>\n<div><\/div>\n<div>La coordinaci\u00f3n de llevar adelante todo estos trabajos est\u00e1 a cargo de la Secretar\u00eda de Turismo que se complementa con otras \u00e1reas del municipio en los trabajos previos y en las tareas y servicios que se van a brindar en cada una de las lunas carnestolendas.<\/div>\n<div><\/div>\n<div><b>ORDEN DE SALIDA DE COMPARSAS ESTE S\u00c1BADO 18 DE ENERO:<\/b><\/div>\n<div><\/div>\n<div>\u00b7 21,30: F\u00e9nix<\/div>\n<div><\/div>\n<div>\u00b7 22,00: Tropical<\/div>\n<div><\/div>\n<div>\u00b7 23,00: Arami<\/div>\n<div><\/div>\n<div>\u00b7 00.30 hs: Poramb\u00e1<\/div>\n<div><\/div>\n<div>\u00b7 02.00 hs: Ita Ver\u00e1<\/div>\n<div><\/div>\n<div>\u00b7 03,30: Aymar\u00e1<\/div>\n<div><\/div>\n<div><b>VENTA DE ENTRADAS<\/b><\/div>\n<div><b>\u00a0<\/b><\/div>\n<div><b>INFO TICKETS<\/b><\/div>\n<div><\/div>\n<div>\u00b7 ENTRADAS GENERALES $3.000 (efectivo)<\/div>\n<div><\/div>\n<div>\u00b7 ENTRADAS GENERALES $3.150 (comprando en la web)<\/div>\n<div><\/div>\n<div>\u00b7 COMBO X 4 ENTRADAS $10.000 (efectivo)<\/div>\n<div><\/div>\n<div>\u00b7 COMBO X 4 ENTRADAS $10.500 (Comprando en la web)<\/div>\n<div><\/div>\n<div>https:\/\/weepas.ar\/detalle-evento\/CARNAVALES%20GOYA%202025<\/div>\n<div>\n<div><\/div>\n<div><\/div>\n<div><b>ENTRADAS SE VENDER\u00c1N LOS D\u00cdAS EN PREDIO COSTA SURUB\u00cd:<\/b><\/div>\n<\/div>\n<div>\n<div><\/div>\n<div><\/div>\n<div>\u00b7 15, 16 y 17 de Enero &#8211; 18,00 a 22,00<\/div>\n<div><\/div>\n<div>\u00b7 18 de Enero &#8211; 9,00 a 13,00\/ + 18,00<\/div>\n<div><\/div>\n<div>\u00b7 22,23 y 24 de Enero &#8211; 18,00 a 22,00<\/div>\n<div><\/div>\n<div>\u00b7 25 de Enero &#8211; 09,00 a 13,00\/ + 18,00<\/div>\n<div><\/div>\n<div>\u00b7 29, 30 y 31 de Enero &#8211; 18,00 a 22,00<\/div>\n<div><\/div>\n<div>\u00b7 1 de Febrero &#8211; 09,00 a 13,00\/ + 18,00<\/div>\n<div><\/div>\n<div>\u00b7 5, 6 y 7 de Febrero &#8211; 18,00 a 22,00<\/div>\n<div><\/div>\n<div>\u00b7 8 de Febrero &#8211; 09,00 a 13,00\/ + 18,00<\/div>\n<\/div>\n<p>&nbsp;<\/p>\n","protected":false},"excerpt":{"rendered":"<p>En la cuenta regresiva de los Carnavales Goya 2025 contin\u00faan las obras de infraestructura en la alfombra blanca del Cors\u00f3dromo de Costa Surub\u00ed. Cuatro noches de desfile de agrupaciones y comparsas: Fenix, Arami, Tropical, Ita Ver\u00e1, Poramb\u00e1 y Aymar\u00e1, los d\u00edas 18 y 25 de enero y 1 y 8 de febrero. Esta edici\u00f3n 2025 [&hellip;]<\/p>\n","protected":false},"author":2,"featured_media":28555,"comment_status":"open","ping_status":"open","sticky":false,"template":"","format":"standard","meta":{"footnotes":""},"categories":[67,56],"tags":[],"class_list":["post-28554","post","type-post","status-publish","format-standard","has-post-thumbnail","hentry","category-cultura","category-locales"],"_links":{"self":[{"href":"https:\/\/radiosurfm.com\/web\/wp-json\/wp\/v2\/posts\/28554","targetHints":{"allow":["GET"]}}],"collection":[{"href":"https:\/\/radiosurfm.com\/web\/wp-json\/wp\/v2\/posts"}],"about":[{"href":"https:\/\/radiosurfm.com\/web\/wp-json\/wp\/v2\/types\/post"}],"author":[{"embeddable":true,"href":"https:\/\/radiosurfm.com\/web\/wp-json\/wp\/v2\/users\/2"}],"replies":[{"embeddable":true,"href":"https:\/\/radiosurfm.com\/web\/wp-json\/wp\/v2\/comments?post=28554"}],"version-history":[{"count":0,"href":"https:\/\/radiosurfm.com\/web\/wp-json\/wp\/v2\/posts\/28554\/revisions"}],"wp:featuredmedia":[{"embeddable":true,"href":"https:\/\/radiosurfm.com\/web\/wp-json\/wp\/v2\/media\/28555"}],"wp:attachment":[{"href":"https:\/\/radiosurfm.com\/web\/wp-json\/wp\/v2\/media?parent=28554"}],"wp:term":[{"taxonomy":"category","embeddable":true,"href":"https:\/\/radiosurfm.com\/web\/wp-json\/wp\/v2\/categories?post=28554"},{"taxonomy":"post_tag","embeddable":true,"href":"https:\/\/radiosurfm.com\/web\/wp-json\/wp\/v2\/tags?post=28554"}],"curies":[{"name":"wp","href":"https:\/\/api.w.org\/{rel}","templated":true}]}}