{"id":28557,"date":"2025-01-15T16:47:37","date_gmt":"2025-01-15T19:47:37","guid":{"rendered":"https:\/\/radiosurfm.com\/web\/?p=28557"},"modified":"2025-01-15T16:47:37","modified_gmt":"2025-01-15T19:47:37","slug":"el-goyano-zenon-titular-en-el-primer-amistoso-de-boca","status":"publish","type":"post","link":"https:\/\/radiosurfm.com\/web\/2025\/01\/15\/el-goyano-zenon-titular-en-el-primer-amistoso-de-boca\/","title":{"rendered":"El goyano Zen\u00f3n, titular en el primer amistoso de Boca"},"content":{"rendered":"<p><span class=\"intro\">Con la carga de la intensa pretemporada encima, Boca abrir\u00e1 la temporada futbol\u00edstica con un amistoso justamente para descomprimir antes de poner en marcha la competencia oficial. El rival inicial ser\u00e1 Juventude, de Brasil, con quien se medir\u00e1 esta noche a partir de las 20 en el Estadio de San Nicol\u00e1s.<br \/>\n<\/span><\/p>\n<p><span class=\"cuerpo\"><br \/>\nAunque el plantel ya cuenta con Ayrton Costa, Alan Velasco y Rodrigo Battaglia como flamantes refuerzos que arribaron en 2025, el \u00fanico que har\u00eda su debut con la camiseta azul y oro es Carlos Palacios, teniendo en cuneta que estuvo desde el primer d\u00eda de la puesta a punto y est\u00e1 en condiciones f\u00edsicas de sumar minutos. Respecto al plantel del a\u00f1o pasado, Kevin Zen\u00f3n mantendr\u00e1 su lugar en el 11 titular. El volante goyano fue importante en el cierre de la temporada anotando el \u00fanico gol de Boca en la victoria visitante ante Newells, clave para clasificar al repechaje de la Copa Libertadores. Por el momento, la informaci\u00f3n indica que Fernando Gago optar\u00e1 por un equipo mayormente alternativo, teniendo en cuenta que figuras de la talla de Marcos Rojo, Edinson Cavani, Marcelo Saracchi y Cristian Lema ni siquiera viajar\u00e1n con el objetivo de seguir trabajando en Boca Predio.<\/span><\/p>\n","protected":false},"excerpt":{"rendered":"<p>Con la carga de la intensa pretemporada encima, Boca abrir\u00e1 la temporada futbol\u00edstica con un amistoso justamente para descomprimir antes de poner en marcha la competencia oficial. El rival inicial ser\u00e1 Juventude, de Brasil, con quien se medir\u00e1 esta noche a partir de las 20 en el Estadio de San Nicol\u00e1s. Aunque el plantel ya [&hellip;]<\/p>\n","protected":false},"author":2,"featured_media":28558,"comment_status":"open","ping_status":"open","sticky":false,"template":"","format":"standard","meta":{"footnotes":""},"categories":[83,56],"tags":[],"class_list":["post-28557","post","type-post","status-publish","format-standard","has-post-thumbnail","hentry","category-deporte","category-locales"],"_links":{"self":[{"href":"https:\/\/radiosurfm.com\/web\/wp-json\/wp\/v2\/posts\/28557","targetHints":{"allow":["GET"]}}],"collection":[{"href":"https:\/\/radiosurfm.com\/web\/wp-json\/wp\/v2\/posts"}],"about":[{"href":"https:\/\/radiosurfm.com\/web\/wp-json\/wp\/v2\/types\/post"}],"author":[{"embeddable":true,"href":"https:\/\/radiosurfm.com\/web\/wp-json\/wp\/v2\/users\/2"}],"replies":[{"embeddable":true,"href":"https:\/\/radiosurfm.com\/web\/wp-json\/wp\/v2\/comments?post=28557"}],"version-history":[{"count":0,"href":"https:\/\/radiosurfm.com\/web\/wp-json\/wp\/v2\/posts\/28557\/revisions"}],"wp:featuredmedia":[{"embeddable":true,"href":"https:\/\/radiosurfm.com\/web\/wp-json\/wp\/v2\/media\/28558"}],"wp:attachment":[{"href":"https:\/\/radiosurfm.com\/web\/wp-json\/wp\/v2\/media?parent=28557"}],"wp:term":[{"taxonomy":"category","embeddable":true,"href":"https:\/\/radiosurfm.com\/web\/wp-json\/wp\/v2\/categories?post=28557"},{"taxonomy":"post_tag","embeddable":true,"href":"https:\/\/radiosurfm.com\/web\/wp-json\/wp\/v2\/tags?post=28557"}],"curies":[{"name":"wp","href":"https:\/\/api.w.org\/{rel}","templated":true}]}}