{"id":28608,"date":"2025-01-20T10:43:07","date_gmt":"2025-01-20T13:43:07","guid":{"rendered":"https:\/\/radiosurfm.com\/web\/?p=28608"},"modified":"2025-01-20T10:43:07","modified_gmt":"2025-01-20T13:43:07","slug":"goya-vivio-a-pleno-su-primera-noche-de-corsos","status":"publish","type":"post","link":"https:\/\/radiosurfm.com\/web\/2025\/01\/20\/goya-vivio-a-pleno-su-primera-noche-de-corsos\/","title":{"rendered":"Goya vivi\u00f3 a pleno su primera noche de corsos"},"content":{"rendered":"<p>La primera luna carnavalera recibi\u00f3 a las protagonistas de la fiesta , las comparsas participantes de los corsos oficiales. Incorporado como parte de la escenograf\u00eda planteada en la temporada pasada, los espectadores fueron ocupando las gradas de las tribunas dispuestas para disfrutar del espect\u00e1culo, poniendo el colorido de sus banderas, globos, cotill\u00f3n identificatorio de su apasionada preferencia de las protagonistas del espect\u00e1culo.<\/p>\n<p>Algo para mencionar como un elemento que se impondr\u00e1 de ahora en m\u00e1s, observados en otros lugares, en otras fiestas del carnaval, la portaci\u00f3n de banderas, de las bengalas con los colores que definen a las comparsas, hecho que se origin\u00f3 en la presentaci\u00f3n de los carnavales, afirm\u00e1ndose en el banderazo de las comparsas y replicado con buen criterio en la noche inaugural de nuestros corsos, aportando otro componente m\u00e1s al objetivo de revalorizar y recuperar algo fundamental, la esencia del carnaval.<\/p>\n<p>Las tribunas fueron testigos de este despliegue de brillo, color y alegr\u00eda &#8220;derrochado&#8221; por los destinatarios del espect\u00e1culo, el p\u00fablico, agregando a este colorido, el cotill\u00f3n distintivo de estas fechas, la nieve artificial, sirviendo para lanzar hacia el aire, produciendo el efecto cascada, sumando a la gran mayor\u00eda a la utilizaci\u00f3n de ese mecanismo para el juego y la diversi\u00f3n, incluso hizo &#8220;prenderse&#8221; a esta iniciativa a los funcionarios en el palco oficial, factores que indican la necesidad de ser parte de la fiesta y generar la oportunidad necesaria para contribuir al crecimiento y un posicionamiento como atractivo de la ciudad a los carnavales.<\/p>\n<p>Hasta que lleg\u00f3 el momento por el cual el p\u00fablico de manera expectante aguardaba, el desfile de las comparsas participantes, una menci\u00f3n especial a la manera que han tomado cada comparsa el rol de ser los promotores de esta fiesta del carnaval, en su vestuario, narraci\u00f3n de la tem\u00e1tica y la selecci\u00f3n musical que permiti\u00f3 adem\u00e1s de escuchar esos temas &#8220;pegadizos&#8221;, los hit de temporada recrear temas alusivos a los carnavales correntinos y animarse a proponer la &#8220;Canci\u00f3n del Surub\u00ed&#8221; en ritmo tropical para considerar algunos aspectos decididos por las comparsas.<\/p>\n<p><b>FENIX<\/b><\/p>\n<p>La apertura de la primera luna carnavalera estuvo a cargo de F\u00e9nix, sin una representaci\u00f3n o coreograf\u00eda plante\u00f3 al p\u00fablico sus ganas, su pasi\u00f3n familiar por el carnaval, con unos &#8220;Acad\u00e9micos&#8221; que acompa\u00f1aron el paso de sus bailarines, con un sentido homenaje a dos personas, &#8220;\u00e1ngeles&#8221; denominados por ellos Pedro Bord\u00f3n y Agust\u00edn Dom\u00ednguez, presentando una carroza aleg\u00f3rica del Ave F\u00e9nix, resurgiendo para abrazar este sue\u00f1o carnavalero.<\/p>\n<p><b>TROPICAL<\/b><\/p>\n<p>La comparsa con casi 50 a\u00f1os de vigencia, de recorrer los circuitos goyanos, trajo el Destino Goya, con una renovada propuesta y algo que qued\u00f3 bien marcado la recuperaci\u00f3n de la caracter\u00edstica de &#8220;Tropical&#8221; ser el esp\u00edritu del Carnaval, que se podr\u00eda definir como el brillo del Sol deslumbr\u00f3 a la Luna Carnavalera, poniendo ese entusiasmo en su bater\u00eda y la banda con una selecci\u00f3n de temas de la movida tropical, incluido el cuarteto y la presentaci\u00f3n en la interpretaci\u00f3n de Tentaci\u00f3n Latina de la Canci\u00f3n del Surub\u00ed en ritmo tropical, demostrando las ganas intactas y la recuperaci\u00f3n de sus valores el desaf\u00edo para el futuro de nuestro carnaval.<\/p>\n<p><b>ARAMI<\/b><\/p>\n<div>Sin dudas una de las presentaciones ansiadas, era el debut de este &#8220;pedacito de cielo&#8221;, ARAMI que sali\u00f3 prometiendo ser una revoluci\u00f3n, cosa lograda con sus dos versiones comparsa infantil y de mayores, con dise\u00f1os en su vestuario exhibiendo creatividad, color, brillo, destac\u00e1ndose por sus cuadros coreogr\u00e1ficos perfectamente diferenciados, que a muchos los transport\u00f3 a los carnavales de otros a\u00f1os, realmente una revoluci\u00f3n con la esencia misma de esta fiesta de momo, sus figuras, bater\u00eda y la Banda &#8220;Ven a Bailar&#8221; que supo interpretar la pasi\u00f3n de ARAMI, contagiando a los presentes.<\/p>\n<p><b>PORAMBA<\/b><\/p>\n<\/div>\n<div>La noche inaugural prosigui\u00f3 con la presentaci\u00f3n de las comparsas que compiten en los carnavales goyanos, la apertura de esta segunda parte realiz\u00f3 la Comparsa de la Orqu\u00eddea, trayendo la representaci\u00f3n de historias, leyendas y recetas correntinas, con una espectacular presentaci\u00f3n, recuperando esa definici\u00f3n de la &#8220;Comparsa Show&#8221; con destacadas figuras y bailarines desplaz\u00f3 el brillo y esplendor Poramb\u00e1, levantando a sus seguidores y los apasionados (en su gran mayor\u00eda), de la tribuna y platea para ser part\u00edcipes del espect\u00e1culo, animada por la Banda que recreo canciones y temas del carnaval y el chamam\u00e9, desatando un derroche de alegr\u00eda entre los presentes.<\/p>\n<\/div>\n<div><b>ITA VERA<\/b><\/p>\n<\/div>\n<div>La continuidad de la competencia sigui\u00f3 con la Piedra Brillante, que con su tema Epic, trato de reflejar brillo, color, alegr\u00eda y la destreza de sus destacadas figuras, en el paso por la Alfombra Blanca, incentivando a los espectadores a sumarse a esta propuesta de carnaval, Ita Vera combin\u00f3 su tema con la correspondiente coreograf\u00eda y el acompa\u00f1amiento de una banda D\u00b4Cumbia con la marcha de la comparsa, un repertorio popular que sin dudas ayuda a que el p\u00fablico intervenga con sus palmas y acompa\u00f1amiento.<\/p>\n<\/div>\n<div><b>AYMARA<\/b><\/p>\n<\/div>\n<div>Para el cierre de la primera Luna Carnavalera, se present\u00f3 la \u00faltima ganadora de los corsos oficiales, AYMARA con la representaci\u00f3n de su tema: &#8220;M\u00e1gico Iber\u00e1, recetas y leyendas &#8220;buscando la rev\u00e1lida de los logros obtenidos en las \u00faltimas ediciones, afianzando el fuerte compromiso adquirido en las ediciones pasadas, con la naturaleza, el cuidado de los recursos naturales demostrado en la confecci\u00f3n de sus trajes con elementos reciclables, apuntando al mensaje de un carnaval sustentable, una exposici\u00f3n prolija de baile, m\u00fasica y show, una bater\u00eda ensamblada con la Banda Sublime para acompa\u00f1ar el desfile de la comparsa.<\/p>\n<p>Cada una de las protagonistas dieron lo mejor de s\u00ed, en esta noche inaugural, las que compiten buscando demostrar sus cualidades para la consideraci\u00f3n del jurado, pero sin dudas por lo observado en la primera luna de carnaval, todos estos elementos avizoran el protagonismo asumido con el prop\u00f3sito de recuperar la esencia de los corsos goyanos, posicionar como un atractivo de inter\u00e9s para el visitante y de un desarrollo a futuro de la fiesta del carnaval de la ciudad.<\/p>\n<p>Los afortunados de las propuestas e iniciativas, los espectadores que tendr\u00e1n tres noches m\u00e1s, 25 de enero 1 y 8 de febrero para disfrutar del espect\u00e1culo y las comparsas que compiten dos lunas m\u00e1s para recibir la devoluci\u00f3n del jurado y conocer ese dictamen, el m\u00e1s importante ya se logr\u00f3 la aprobaci\u00f3n satisfactoria de los consumidores, el p\u00fablico que colm\u00f3 el Cors\u00f3dromo de Costa Surub\u00ed.<\/p><\/div>\n","protected":false},"excerpt":{"rendered":"<p>La primera luna carnavalera recibi\u00f3 a las protagonistas de la fiesta , las comparsas participantes de los corsos oficiales. Incorporado como parte de la escenograf\u00eda planteada en la temporada pasada, los espectadores fueron ocupando las gradas de las tribunas dispuestas para disfrutar del espect\u00e1culo, poniendo el colorido de sus banderas, globos, cotill\u00f3n identificatorio de su [&hellip;]<\/p>\n","protected":false},"author":2,"featured_media":28609,"comment_status":"open","ping_status":"open","sticky":false,"template":"","format":"standard","meta":{"footnotes":""},"categories":[67,56],"tags":[],"class_list":["post-28608","post","type-post","status-publish","format-standard","has-post-thumbnail","hentry","category-cultura","category-locales"],"_links":{"self":[{"href":"https:\/\/radiosurfm.com\/web\/wp-json\/wp\/v2\/posts\/28608","targetHints":{"allow":["GET"]}}],"collection":[{"href":"https:\/\/radiosurfm.com\/web\/wp-json\/wp\/v2\/posts"}],"about":[{"href":"https:\/\/radiosurfm.com\/web\/wp-json\/wp\/v2\/types\/post"}],"author":[{"embeddable":true,"href":"https:\/\/radiosurfm.com\/web\/wp-json\/wp\/v2\/users\/2"}],"replies":[{"embeddable":true,"href":"https:\/\/radiosurfm.com\/web\/wp-json\/wp\/v2\/comments?post=28608"}],"version-history":[{"count":0,"href":"https:\/\/radiosurfm.com\/web\/wp-json\/wp\/v2\/posts\/28608\/revisions"}],"wp:featuredmedia":[{"embeddable":true,"href":"https:\/\/radiosurfm.com\/web\/wp-json\/wp\/v2\/media\/28609"}],"wp:attachment":[{"href":"https:\/\/radiosurfm.com\/web\/wp-json\/wp\/v2\/media?parent=28608"}],"wp:term":[{"taxonomy":"category","embeddable":true,"href":"https:\/\/radiosurfm.com\/web\/wp-json\/wp\/v2\/categories?post=28608"},{"taxonomy":"post_tag","embeddable":true,"href":"https:\/\/radiosurfm.com\/web\/wp-json\/wp\/v2\/tags?post=28608"}],"curies":[{"name":"wp","href":"https:\/\/api.w.org\/{rel}","templated":true}]}}