{"id":28611,"date":"2025-01-20T10:51:52","date_gmt":"2025-01-20T13:51:52","guid":{"rendered":"https:\/\/radiosurfm.com\/web\/?p=28611"},"modified":"2025-01-20T10:52:09","modified_gmt":"2025-01-20T13:52:09","slug":"28611","status":"publish","type":"post","link":"https:\/\/radiosurfm.com\/web\/2025\/01\/20\/28611\/","title":{"rendered":"Fiesta Nacional del Chamam\u00e9: as\u00ed ser\u00e1 la grilla de la cuarta noche"},"content":{"rendered":"<p>La Fiesta Nacional del Chamam\u00e9 contin\u00faa este lunes con su 34 edici\u00f3n en el Anfiteatro Cocomarola de la ciudad de Corrientes.<\/p>\n<p>Despu\u00e9s de un fin de semana a puro chamam\u00e9, este lunes la fiesta contar\u00e1 con la\u00a0presentaci\u00f3n de Anal\u00eda Esp\u00ednola, Los chaque che, Hugo Flores, Mateo Villalba, entre otros artistas.<\/p>\n<p><strong>ENTRADAS<\/strong><\/p>\n<p>Las entradas\u00a0<strong>tienen un costo de $7 mil con l\u00edmite de ingreso hasta las 21,30; $9 mil, sin l\u00edmite de horario; y $13 mil, preferencial.<\/strong><\/p>\n<p>Est\u00e1n en\u00a0<strong>venta todos los d\u00edas<\/strong>, de 11 a 21, en Centenario Shopping Mall (avenida\u00a0Ra\u00fal Alfons\u00edn 3525); de lunes a viernes, de 8 a 13, y de 17 a 21, en el Instituto de Cultura de Corrientes (San Juan 546); y de mi\u00e9rcoles a domingo, de 17 a 21, en el Museo de Ciencias Naturales \u201cDr. Amado Bonpland\u201d (avenida Costanera General San Martin 100).<\/p>\n<p>Tambi\u00e9n se pueden adquirir de manera virtual, a trav\u00e9s de la plataforma:\u00a0<a class=\"link\" href=\"https:\/\/weepas.ar\/\" target=\"_blank\" rel=\"noopener\"><strong>https:\/\/weepas.ar\/<\/strong><\/a>.<\/p>\n<p>Para esta edici\u00f3n se hizo una remodelaci\u00f3n integral del anfiteatro que busca ofrecer un espacio renovado y funcional para la realizaci\u00f3n de la Fiesta Nacional del Chamam\u00e9 y distintos espect\u00e1culos culturales que se llevan adelante en el lugar.<\/p>\n<p><strong>GRILLA COMPLETA DEL LUNES<\/strong><\/p>\n<p><img loading=\"lazy\" decoding=\"async\" class=\"alignnone size-full wp-image-28612\" src=\"https:\/\/radiosurfm.com\/web\/wp-content\/uploads\/2025\/01\/grilla.jpeg\" alt=\"\" width=\"446\" height=\"552\" srcset=\"https:\/\/radiosurfm.com\/web\/wp-content\/uploads\/2025\/01\/grilla.jpeg 446w, https:\/\/radiosurfm.com\/web\/wp-content\/uploads\/2025\/01\/grilla-324x400.jpeg 324w, https:\/\/radiosurfm.com\/web\/wp-content\/uploads\/2025\/01\/grilla-339x420.jpeg 339w\" sizes=\"auto, (max-width: 446px) 100vw, 446px\" \/><\/p>\n","protected":false},"excerpt":{"rendered":"<p>La Fiesta Nacional del Chamam\u00e9 contin\u00faa este lunes con su 34 edici\u00f3n en el Anfiteatro Cocomarola de la ciudad de Corrientes. Despu\u00e9s de un fin de semana a puro chamam\u00e9, este lunes la fiesta contar\u00e1 con la\u00a0presentaci\u00f3n de Anal\u00eda Esp\u00ednola, Los chaque che, Hugo Flores, Mateo Villalba, entre otros artistas. ENTRADAS Las entradas\u00a0tienen un costo [&hellip;]<\/p>\n","protected":false},"author":2,"featured_media":28613,"comment_status":"open","ping_status":"open","sticky":false,"template":"","format":"standard","meta":{"footnotes":""},"categories":[67,72],"tags":[],"class_list":["post-28611","post","type-post","status-publish","format-standard","has-post-thumbnail","hentry","category-cultura","category-provinciales"],"_links":{"self":[{"href":"https:\/\/radiosurfm.com\/web\/wp-json\/wp\/v2\/posts\/28611","targetHints":{"allow":["GET"]}}],"collection":[{"href":"https:\/\/radiosurfm.com\/web\/wp-json\/wp\/v2\/posts"}],"about":[{"href":"https:\/\/radiosurfm.com\/web\/wp-json\/wp\/v2\/types\/post"}],"author":[{"embeddable":true,"href":"https:\/\/radiosurfm.com\/web\/wp-json\/wp\/v2\/users\/2"}],"replies":[{"embeddable":true,"href":"https:\/\/radiosurfm.com\/web\/wp-json\/wp\/v2\/comments?post=28611"}],"version-history":[{"count":0,"href":"https:\/\/radiosurfm.com\/web\/wp-json\/wp\/v2\/posts\/28611\/revisions"}],"wp:featuredmedia":[{"embeddable":true,"href":"https:\/\/radiosurfm.com\/web\/wp-json\/wp\/v2\/media\/28613"}],"wp:attachment":[{"href":"https:\/\/radiosurfm.com\/web\/wp-json\/wp\/v2\/media?parent=28611"}],"wp:term":[{"taxonomy":"category","embeddable":true,"href":"https:\/\/radiosurfm.com\/web\/wp-json\/wp\/v2\/categories?post=28611"},{"taxonomy":"post_tag","embeddable":true,"href":"https:\/\/radiosurfm.com\/web\/wp-json\/wp\/v2\/tags?post=28611"}],"curies":[{"name":"wp","href":"https:\/\/api.w.org\/{rel}","templated":true}]}}