{"id":28619,"date":"2025-01-20T11:05:10","date_gmt":"2025-01-20T14:05:10","guid":{"rendered":"https:\/\/radiosurfm.com\/web\/?p=28619"},"modified":"2025-01-20T11:05:10","modified_gmt":"2025-01-20T14:05:10","slug":"gago-maneja-variantes-para-el-debut-de-boca-por-copa-argentina","status":"publish","type":"post","link":"https:\/\/radiosurfm.com\/web\/2025\/01\/20\/gago-maneja-variantes-para-el-debut-de-boca-por-copa-argentina\/","title":{"rendered":"Gago maneja variantes para el debut de Boca por Copa Argentina"},"content":{"rendered":"<p>Un d\u00eda antes del inicio del Torneo Apertura de la Liga Profesional, como si no pudiera aguantarse las ganas,\u00a0<b>Boca estar\u00e1 inaugurando la temporada oficial del f\u00fatbol argentino de Primera Divisi\u00f3n cuando se mida este mi\u00e9rcoles con Deportivo Argentino de Monte Ma\u00edz\u00a0<\/b>por 32avos de final de la Copa Argentina. En ese sentido, Fernando Gago va puliendo detalles de su Boca versi\u00f3n 2025 pero con una mala noticia de por medio, a d\u00edas del debut:\u00a0<b>la lesi\u00f3n de Marcos Rojo<\/b>.<\/p>\n<p>El central zurdo<b>\u00a0sufri\u00f3 una molestia en uno de los tendones durante los \u00faltimos entrenamientos<\/b>\u00a0y, si bien no hubo un comunicado oficial por parte del club y desde el entorno xeneize aseguran que el problema f\u00edsico no ser\u00eda de gravedad, lo cierto es que el ex Manchester United todav\u00eda no pudo entrenar a la par de sus compa\u00f1eros.<\/p>\n<div id=\"ad-slot-video_inread\" class=\"ad-slot-video_inread ad-slot\" data-adtype=\"video_inread\" data-google-query-id=\"CJKB49i7hIsDFVtRuAQdzR4vuA\">\n<p>Con tan pocos d\u00edas por delante, la presencia del zaguero es una inc\u00f3gnita que ser\u00e1 revelada reci\u00e9n cuando anuncien la lista de convocados para el duelo del mi\u00e9rcoles en Santa Fe (estadio de Col\u00f3n) ante el equipo cordob\u00e9s que milita en el Torneo Federal A.<\/p>\n<p>La baja de Rojo podr\u00eda presentarse sin embargo como una doble oportunidad. Por un lado, para la\u00a0<b>presentaci\u00f3n oficial de uno de los refuerzos del receso, el zurdo Ayrton Costa<\/b>, comprado al Royal Amberes de B\u00e9lgica y\u00a0quien puede moverse como 6 y 3. Por el otro, para el<b>\u00a0regreso a la titularidad de Cristian Lema<\/b>, recuperado de su lesi\u00f3n en los ligamentos del tobillo izquierdo, sufrida en el empate 1-1 ante Deportivo Riestra el pasado 27 de octubre. El oriundo de Puerto Madryn fue uno de los m\u00e1s regulares del flojo 2024 xeneize, sobre todo en un sector defensivo que adem\u00e1s sufri\u00f3 la baja de Aaron Anselmino, repescado de su pr\u00e9stamo por el Chelsea de Inglaterra. De ser titular, compartir\u00eda zaga con el pibe\u00a0<b>Mateo Mend\u00eda<\/b>.<\/p>\n<div class=\"slot-available\"><\/div>\n<p><b>No es ning\u00fan secreto que Gago pretende ir con una n\u00f3mina reducida a Santa Fe\u00a0<\/b>y guardar varios jugadores ante lo apretado del calendario, por lo que aparec\u00edan algunos nombres un tanto inesperados ante el elenco de Monte Ma\u00edz.\u00a0Tras ese partido, Boca volver\u00e1 al ruedo\u00a0<b>el domingo en casa propia, ante Argentinos Juniors<\/b>\u00a0por el Apertura que arrancar\u00e1 el jueves y tendr\u00e1 fecha entresemana al menos entres sus primeras siete jornadas. Luego ser\u00e1 el turno de\u00a0<b>Uni\u00f3n, nuevamente en Santa Fe, el mi\u00e9rcoles 29<\/b>. Es decir, tres partidos en ocho d\u00edas, una seguidilla que tiene muy atento al cuerpo t\u00e9cnico.<\/p>\n<p>En el amistoso de la semana pasada ante Juventude de Brasil (2-0), el DT plante\u00f3 un esquema inicial de 3-4-3 con varias sorpresas (l\u00ednea de tres con Blondel, Belmonte de l\u00edbero y Di Lollo, por ejemplo) pero\u00a0<b>en el \u00faltimo entrenamiento volvi\u00f3 a probar su habitual 4-3-3<\/b>. Seg\u00fan trascendi\u00f3, Gago par\u00f3 dos alineaciones durante una pr\u00e1ctica de f\u00fatbol que tuvo a la Reserva del otro lado.<\/p>\n<div class=\"slot-available\"><\/div>\n<p>Uno de los equipos estuvo formado por\u00a0<b>Brey; Saralegui, Mauricio Ben\u00edtez, Costa, Fabra; Dalmasso, Miram\u00f3n, Juan Ram\u00edrez; Zen\u00f3n, Milton Gim\u00e9nez y Janson<\/b>. El otro form\u00f3 con\u00a0<b>Javier Garc\u00eda; Adv\u00edncula, Lema, Mend\u00eda, Saracchi; Joaqu\u00edn Ruiz, Herrera, Rol\u00f3n; Zeballos, Cavani y Palacios<\/b>.<\/p>\n<\/div>\n","protected":false},"excerpt":{"rendered":"<p>Un d\u00eda antes del inicio del Torneo Apertura de la Liga Profesional, como si no pudiera aguantarse las ganas,\u00a0Boca estar\u00e1 inaugurando la temporada oficial del f\u00fatbol argentino de Primera Divisi\u00f3n cuando se mida este mi\u00e9rcoles con Deportivo Argentino de Monte Ma\u00edz\u00a0por 32avos de final de la Copa Argentina. En ese sentido, Fernando Gago va puliendo [&hellip;]<\/p>\n","protected":false},"author":2,"featured_media":28620,"comment_status":"open","ping_status":"open","sticky":false,"template":"","format":"standard","meta":{"footnotes":""},"categories":[83,64],"tags":[],"class_list":["post-28619","post","type-post","status-publish","format-standard","has-post-thumbnail","hentry","category-deporte","category-nacionales"],"_links":{"self":[{"href":"https:\/\/radiosurfm.com\/web\/wp-json\/wp\/v2\/posts\/28619","targetHints":{"allow":["GET"]}}],"collection":[{"href":"https:\/\/radiosurfm.com\/web\/wp-json\/wp\/v2\/posts"}],"about":[{"href":"https:\/\/radiosurfm.com\/web\/wp-json\/wp\/v2\/types\/post"}],"author":[{"embeddable":true,"href":"https:\/\/radiosurfm.com\/web\/wp-json\/wp\/v2\/users\/2"}],"replies":[{"embeddable":true,"href":"https:\/\/radiosurfm.com\/web\/wp-json\/wp\/v2\/comments?post=28619"}],"version-history":[{"count":0,"href":"https:\/\/radiosurfm.com\/web\/wp-json\/wp\/v2\/posts\/28619\/revisions"}],"wp:featuredmedia":[{"embeddable":true,"href":"https:\/\/radiosurfm.com\/web\/wp-json\/wp\/v2\/media\/28620"}],"wp:attachment":[{"href":"https:\/\/radiosurfm.com\/web\/wp-json\/wp\/v2\/media?parent=28619"}],"wp:term":[{"taxonomy":"category","embeddable":true,"href":"https:\/\/radiosurfm.com\/web\/wp-json\/wp\/v2\/categories?post=28619"},{"taxonomy":"post_tag","embeddable":true,"href":"https:\/\/radiosurfm.com\/web\/wp-json\/wp\/v2\/tags?post=28619"}],"curies":[{"name":"wp","href":"https:\/\/api.w.org\/{rel}","templated":true}]}}