{"id":28653,"date":"2025-01-21T18:39:31","date_gmt":"2025-01-21T21:39:31","guid":{"rendered":"https:\/\/radiosurfm.com\/web\/?p=28653"},"modified":"2025-01-21T18:39:31","modified_gmt":"2025-01-21T21:39:31","slug":"marchesin-es-el-nuevo-arquero-de-boca","status":"publish","type":"post","link":"https:\/\/radiosurfm.com\/web\/2025\/01\/21\/marchesin-es-el-nuevo-arquero-de-boca\/","title":{"rendered":"Marches\u00edn es el nuevo arquero de Boca"},"content":{"rendered":"<p>Boca ya tiene el arquero que estaba buscando. Despu\u00e9s de una negociaci\u00f3n que se dilat\u00f3 casi una semana, Gremio de Porto Alegre acept\u00f3 la oferta por Agust\u00edn Marches\u00edn, de 1.500.000 d\u00f3lares por la totalidad del pase, y el exjugador de Lan\u00fas armar\u00e1 las valijas para regresar al f\u00fatbol argentino luego de un periplo de diez a\u00f1os por el exterior.<\/p>\n<p>El acuerdo se alcanz\u00f3 el domingo por la noche, tras intensas charlas, revelaron a la Agencia Noticias Argentinas fuentes vinculadas la negociaci\u00f3n, las que indicaron que Boca le realizar\u00e1 un contrato por dos temporadas con opci\u00f3n a un a\u00f1o m\u00e1s. El arquero, reconocido hincha de Boca, se mostr\u00f3 muy entusiasmado con la chance de volver al pa\u00eds, sobre todo al conjunto xeneize, por lo que su palabra result\u00f3 fundamental para que la operaci\u00f3n se llevara a cabo.<\/p>\n<div id=\"talkFireEvent\"><\/div>\n<div id=\"ad-slot-video_inread\" class=\"ad-slot-video_inread ad-slot\" data-adtype=\"video_inread\" data-google-query-id=\"CKCgpIzjh4sDFfZRuAQdAUQdXQ\">\n<div id=\"google_ads_iframe_\/349353471\/p12\/nota_video_inread_0__container__\"><iframe id=\"google_ads_iframe_\/349353471\/p12\/nota_video_inread_0\" tabindex=\"0\" title=\"3rd party ad content\" name=\"google_ads_iframe_\/349353471\/p12\/nota_video_inread_0\" width=\"1\" height=\"1\" frameborder=\"0\" marginwidth=\"0\" marginheight=\"0\" scrolling=\"no\" aria-label=\"Advertisement\" data-load-complete=\"true\" data-google-container-id=\"3\" data-mce-fragment=\"1\"><\/iframe><\/div>\n<\/div>\n<div class=\"slot-available\"><\/div>\n<p>Boca contrat\u00f3 a Marches\u00edn dado que uno de sus arqueros, Sergio &#8220;Chiquito&#8221; Romero, se debi\u00f3 someter a una operaci\u00f3n de la rodilla derecha, que le demandar\u00e1 unos dos meses de recuperaci\u00f3n. El equipo de La Ribera tiene en su plantel a Leandro Brey (22 a\u00f1os y 22 partidos en Primera) y Javier Garc\u00eda (cumple 38 a fin de mes), quien hab\u00eda anunciado su retiro a fines a\u00f1o 2024, pero por pedido de la dirigencia renov\u00f3 el acuerdo contractual.<\/p>\n<p>Marches\u00edn lleg\u00f3 la temporada pasada a Brasil, jug\u00f3 28 partidos y se convirti\u00f3 en una de las figuras en el flojo a\u00f1o de Gremio, eliminado en octavos de Libertadores y 14\u00ba en el Brasileirao (le alcanz\u00f3 para clasificar a la Sudamericana 2025). Pese a que su nuevo entrenador, el exV\u00e9lez Gustavo Quinteros, le pidi\u00f3 que se quedara, el uno de 36 pirulos (cumple 37 en marzo) acept\u00f3 la oferta de Boca para ser titular en el equipo de Fernando Gago y con el Mundial de Clubes como gran atractivo.<\/p>\n<div class=\"slot-available\"><\/div>\n<p>As\u00ed las cosas, Marches\u00edn concreta su regreso al f\u00fatbol nacional luego de una d\u00e9cada en el extranjero. Con pasado en Hurac\u00e1n de Tres Arroyos -no lleg\u00f3 a debutar-, el nacido en San Cayetano pas\u00f3 a Lan\u00fas en 2007 e integr\u00f3 el plantel campe\u00f3n del Apertura de ese a\u00f1o de la mano del emblem\u00e1tico Ram\u00f3n Cabrero. Reci\u00e9n dos a\u00f1os despu\u00e9s le toc\u00f3 debutar, ya con Luis Zubeld\u00eda como DT. En el Granate hizo historia: 221 partidos y campe\u00f3n de la Sudamericana 2013. En 2015 fue vendido al Santos Laguna de M\u00e9xico y dos a\u00f1os despu\u00e9s pas\u00f3 al Am\u00e9rica. En tierra azteca fue campe\u00f3n en cinco ocasiones. En 2019 peg\u00f3 el salto a Europa, al Porto de Portugal (seis t\u00edtulos) y en 2022 fue comprado por el Celta de Espa\u00f1a.<\/p>\n<p>Campe\u00f3n de la Copa Am\u00e9rica 2021 en Brasil, su primer llamado a la Selecci\u00f3n fue en 2010, con el Checho Batista como DT. Su presentaci\u00f3n fue en 2014, post Mundial, durante un amistoso contra Hong Kong (7-0) con Tata Martino de entrenador. Fue a la Copa Am\u00e9rica 2015 y particip\u00f3 del proceso de Eliminatorias hacia Rusia, pero Sampaoli lo termin\u00f3 dejando afuera. Scaloni lo trajo de vuelta r\u00e1pidamente y particip\u00f3 del proceso Scaloneta como suplente en la Copa Am\u00e9rica 2019 y teniendo su demorado debut por los puntos en 2021 por Eliminatorias: le toc\u00f3 reemplazar a Dibu Mart\u00ednez en un 2 a 2 contra Colombia de visitante. Despu\u00e9s de ser campe\u00f3n continental ese a\u00f1o, no volvi\u00f3 a ser convocado.<\/p>\n<div class=\"slot-available\"><\/div>\n<h2>Saralegui, a pr\u00e9stamo<\/h2>\n<p>Ante tanto refuerzo, Boca mand\u00f3 a Jabes Saralegui a pr\u00e9stamo por una temporada a Tigre, seg\u00fan inform\u00f3 el periodista\u00a0<a href=\"https:\/\/x.com\/garcialuciano27\" target=\"_blank\" rel=\"noopener\">Luciano Garc\u00eda<\/a>. De 22 a\u00f1os y 42 partidos en el club, Saralegui ven\u00eda perdiendo consideraci\u00f3n en los planes de Gago y con la recuperaci\u00f3n de Lucas Blondel corr\u00eda muy de atr\u00e1s para ganarse un lugar en una banda derecha donde tambi\u00e9n est\u00e1n Luis Adv\u00edncula y Juan Barinaga.<\/p>\n","protected":false},"excerpt":{"rendered":"<p>Boca ya tiene el arquero que estaba buscando. Despu\u00e9s de una negociaci\u00f3n que se dilat\u00f3 casi una semana, Gremio de Porto Alegre acept\u00f3 la oferta por Agust\u00edn Marches\u00edn, de 1.500.000 d\u00f3lares por la totalidad del pase, y el exjugador de Lan\u00fas armar\u00e1 las valijas para regresar al f\u00fatbol argentino luego de un periplo de diez [&hellip;]<\/p>\n","protected":false},"author":2,"featured_media":28654,"comment_status":"open","ping_status":"open","sticky":false,"template":"","format":"standard","meta":{"footnotes":""},"categories":[83,64],"tags":[],"class_list":["post-28653","post","type-post","status-publish","format-standard","has-post-thumbnail","hentry","category-deporte","category-nacionales"],"_links":{"self":[{"href":"https:\/\/radiosurfm.com\/web\/wp-json\/wp\/v2\/posts\/28653","targetHints":{"allow":["GET"]}}],"collection":[{"href":"https:\/\/radiosurfm.com\/web\/wp-json\/wp\/v2\/posts"}],"about":[{"href":"https:\/\/radiosurfm.com\/web\/wp-json\/wp\/v2\/types\/post"}],"author":[{"embeddable":true,"href":"https:\/\/radiosurfm.com\/web\/wp-json\/wp\/v2\/users\/2"}],"replies":[{"embeddable":true,"href":"https:\/\/radiosurfm.com\/web\/wp-json\/wp\/v2\/comments?post=28653"}],"version-history":[{"count":0,"href":"https:\/\/radiosurfm.com\/web\/wp-json\/wp\/v2\/posts\/28653\/revisions"}],"wp:featuredmedia":[{"embeddable":true,"href":"https:\/\/radiosurfm.com\/web\/wp-json\/wp\/v2\/media\/28654"}],"wp:attachment":[{"href":"https:\/\/radiosurfm.com\/web\/wp-json\/wp\/v2\/media?parent=28653"}],"wp:term":[{"taxonomy":"category","embeddable":true,"href":"https:\/\/radiosurfm.com\/web\/wp-json\/wp\/v2\/categories?post=28653"},{"taxonomy":"post_tag","embeddable":true,"href":"https:\/\/radiosurfm.com\/web\/wp-json\/wp\/v2\/tags?post=28653"}],"curies":[{"name":"wp","href":"https:\/\/api.w.org\/{rel}","templated":true}]}}