{"id":28662,"date":"2025-01-22T13:00:37","date_gmt":"2025-01-22T16:00:37","guid":{"rendered":"https:\/\/radiosurfm.com\/web\/?p=28662"},"modified":"2025-01-22T13:00:37","modified_gmt":"2025-01-22T16:00:37","slug":"bomberos-de-saladas-emitieron-fuerte-mensaje-tras-incendios-en-el-acceso-no-entienden","status":"publish","type":"post","link":"https:\/\/radiosurfm.com\/web\/2025\/01\/22\/bomberos-de-saladas-emitieron-fuerte-mensaje-tras-incendios-en-el-acceso-no-entienden\/","title":{"rendered":"Bomberos de Saladas emitieron fuerte mensaje tras incendios en el acceso: &#8220;No entienden&#8221;"},"content":{"rendered":"<p>Los bomberos voluntarios de Saladas se expresaron con preocupaci\u00f3n tras el incendio que afect\u00f3 el acceso a la localidad correntina el lunes por la tarde. Seg\u00fan se report\u00f3 fue de manera intencional y la brigada expres\u00f3 su preocupaci\u00f3n luego de la cat\u00e1strofe del 2022. \u201cYa tuvimos la mala experiencia del 2022, pero la gente no entiende\u201d, se\u00f1alaron.<\/p>\n<p>En la tarde del lunes, tres dotaciones del Cuartel de Bomberos de Saladas, apoyadas por dos m\u00f3viles del BRIF y un tanque municipal, trabajaron arduamente para contener dos incendios simult\u00e1neos en la zona de 4 bocas, donde las llamas amenazaban con alcanzar viviendas y un aserradero.<\/p>\n<p>Luego de un arduo esfuerzo de los bomberos, lograron apagar las llamas y controlar el incendio que avanzaba r\u00e1pidamente. Pero la brigada decidi\u00f3 emitir un mensaje para concientizar sobre estos hechos.<\/p>\n<p>\u201cLamentablemente pareciera que la gente no entiende que est\u00e1 prohibido quemar. Ya tuvimos la mala experiencia del 2022, pero la gente no entiende&#8230; y lo m\u00e1s triste es que se pone en riesgo casas, campos, fuentes de trabajo de muchas familias\u201d, inicia el posteo en la cuenta de Bomberos Municipales de Saladas.<\/p>\n<p>La publicaci\u00f3n contin\u00faa con un agradecimiento a los bomberos que combaten los focos \u00edgneos: \u201cGracias a todo el personal que sin dudar deja de lado sus quehaceres, obligaciones, tiempo de descanso o de ocio para cumplir con su compromiso autoimpuesto de preservar vidas y bienes. Pero no olviden que son seres humanos como cualquiera, que se cansan, se enferman, y deben llevar el sustento a sus hogares\u201d.<\/p>\n<p>El mensaje se hace a\u00fan m\u00e1s urgente con un fuerte llamado a la conciencia: \u201cPor favor, no quemen. NO BURN !!! NE BR\u00dbLE PAS !!!! NICHT VERBRENNEN !!!! ANI REHAPY !!!!!\u201d. Un recordatorio claro en varios idiomas, para aquellos que a\u00fan no comprenden la gravedad de la situaci\u00f3n.<\/p>\n","protected":false},"excerpt":{"rendered":"<p>Los bomberos voluntarios de Saladas se expresaron con preocupaci\u00f3n tras el incendio que afect\u00f3 el acceso a la localidad correntina el lunes por la tarde. Seg\u00fan se report\u00f3 fue de manera intencional y la brigada expres\u00f3 su preocupaci\u00f3n luego de la cat\u00e1strofe del 2022. \u201cYa tuvimos la mala experiencia del 2022, pero la gente no [&hellip;]<\/p>\n","protected":false},"author":2,"featured_media":28663,"comment_status":"open","ping_status":"open","sticky":false,"template":"","format":"standard","meta":{"footnotes":""},"categories":[72],"tags":[],"class_list":["post-28662","post","type-post","status-publish","format-standard","has-post-thumbnail","hentry","category-provinciales"],"_links":{"self":[{"href":"https:\/\/radiosurfm.com\/web\/wp-json\/wp\/v2\/posts\/28662","targetHints":{"allow":["GET"]}}],"collection":[{"href":"https:\/\/radiosurfm.com\/web\/wp-json\/wp\/v2\/posts"}],"about":[{"href":"https:\/\/radiosurfm.com\/web\/wp-json\/wp\/v2\/types\/post"}],"author":[{"embeddable":true,"href":"https:\/\/radiosurfm.com\/web\/wp-json\/wp\/v2\/users\/2"}],"replies":[{"embeddable":true,"href":"https:\/\/radiosurfm.com\/web\/wp-json\/wp\/v2\/comments?post=28662"}],"version-history":[{"count":0,"href":"https:\/\/radiosurfm.com\/web\/wp-json\/wp\/v2\/posts\/28662\/revisions"}],"wp:featuredmedia":[{"embeddable":true,"href":"https:\/\/radiosurfm.com\/web\/wp-json\/wp\/v2\/media\/28663"}],"wp:attachment":[{"href":"https:\/\/radiosurfm.com\/web\/wp-json\/wp\/v2\/media?parent=28662"}],"wp:term":[{"taxonomy":"category","embeddable":true,"href":"https:\/\/radiosurfm.com\/web\/wp-json\/wp\/v2\/categories?post=28662"},{"taxonomy":"post_tag","embeddable":true,"href":"https:\/\/radiosurfm.com\/web\/wp-json\/wp\/v2\/tags?post=28662"}],"curies":[{"name":"wp","href":"https:\/\/api.w.org\/{rel}","templated":true}]}}