{"id":28665,"date":"2025-01-22T13:02:40","date_gmt":"2025-01-22T16:02:40","guid":{"rendered":"https:\/\/radiosurfm.com\/web\/?p=28665"},"modified":"2025-01-22T13:02:40","modified_gmt":"2025-01-22T16:02:40","slug":"interna-peronista-en-corrientes-en-el-pj-modificaron-el-reglamento-electoral-y-recibieron-las-urnas","status":"publish","type":"post","link":"https:\/\/radiosurfm.com\/web\/2025\/01\/22\/interna-peronista-en-corrientes-en-el-pj-modificaron-el-reglamento-electoral-y-recibieron-las-urnas\/","title":{"rendered":"Interna Peronista en Corrientes: En el PJ modificaron el Reglamento Electoral y recibieron las urnas"},"content":{"rendered":"<p>Las agrupaciones internas del Partido Justicialista (PJ) contin\u00faan en campa\u00f1a de cara a las elecciones internas del 9 de marzo. En paralelo, la Junta Electoral modific\u00f3 el Reglamento Electoral 2025 y desarrollan el trabajo de organizaci\u00f3n de los comicios.<\/p>\n<p>La Junta Electoral realiz\u00f3 su tercera reuni\u00f3n la cual se extendi\u00f3 por dos horas en la sede partidaria de calle Salta. El \u00f3rgano est\u00e1 presidido por Marcela Villegas y por Ana Peirano como secretaria. El cuerpo est\u00e1 integrado por 11 miembros. El encuentro fue de car\u00e1cter mixto, ya que se realiz\u00f3 de forma presencial y por videoconferencia.<\/p>\n<p>La Junta Electoral vot\u00f3 por unanimidad la modificaci\u00f3n parcial del Art\u00edculo 10 del Reglamento Electoral 2025. De esta manera, tom\u00f3 la decisi\u00f3n de modificar el requisito de la obligatoriedad de la presentaci\u00f3n de firma certificada por escribano o funcionario judicial de los apoderados de cada lista que se presente para la contienda interna. Sin perjuicio de que las listas que hayan cumplido con el mismo no deber\u00e1n hacer ning\u00fan tr\u00e1mite adicional.<\/p>\n<p>El \u00f3rgano, adem\u00e1s recibi\u00f3 m\u00e1s de dos centenares de urnas que comenzar\u00e1n a prepararse de cara a las elecciones internas partidarias. Estas ser\u00e1n distribuidas en los diferentes locales autorizados para dichos comicios en los cuales se elegir\u00e1n autoridades y candidatos a gobernador y vice, legisladores provinciales, concejales, e Intendentes.<\/p>\n<p>Si bien un sector, como es el caso de Peronismo Correntino para la Victoria, pidi\u00f3 ir al consenso; otras l\u00edneas internas no estar\u00edan de acuerdo e ir\u00edan a competencia. Este es el caso de Alejandro Karlen por Primero mi Provincia.<\/p>\n<p>Por otra parte, se encuentra disponible el padr\u00f3n provisorio de afiliados. Estos tendr\u00e1n plazo hasta el 6 febrero para hacer los reclamos por correcci\u00f3n e incorporaci\u00f3n. La grilla puede consultarse ingresando a la p\u00e1gina web https:\/\/pjcorrientes.org\/. Tambi\u00e9n est\u00e1 disponible de forma f\u00edsica de lunes a viernes, de 17 a 20, en la sede partidaria (Salta 663), de la ciudad de Corrientes.<\/p>\n<p>Los afiliados que no est\u00e9n en el padr\u00f3n provisorio pueden hacer el reclamo de tres maneras. La primera es ingresadno a www.pjcorrientes.com.ar, ir al men\u00fa de la Junta Electoral y presionar el bot\u00f3n Iniciar Reclamo. Luego se requiere completar el formulario para comenzar el tr\u00e1mite correspondiente ante la Justicia Electoral.<\/p>\n<p>La segunda opci\u00f3n es a trav\u00e9s de la misma web en la que se consulta del Padr\u00f3n Provisorio, este es www.pjcorrientes.org. En la parte inferior de la ventana los afiliados pueden encontrar el enlace para iniciar el reclamo, tambi\u00e9n, completando un formulario.<\/p>\n<p>La tercera forma de hacer el reclamo por exclusi\u00f3n del padr\u00f3n es de manera personal en la sede del partido, de lunes a viernes de 17 a 20. En dicho horario se puede encontrar a la Junta Electoral.<\/p>\n","protected":false},"excerpt":{"rendered":"<p>Las agrupaciones internas del Partido Justicialista (PJ) contin\u00faan en campa\u00f1a de cara a las elecciones internas del 9 de marzo. En paralelo, la Junta Electoral modific\u00f3 el Reglamento Electoral 2025 y desarrollan el trabajo de organizaci\u00f3n de los comicios. La Junta Electoral realiz\u00f3 su tercera reuni\u00f3n la cual se extendi\u00f3 por dos horas en la [&hellip;]<\/p>\n","protected":false},"author":2,"featured_media":23885,"comment_status":"open","ping_status":"open","sticky":false,"template":"","format":"standard","meta":{"footnotes":""},"categories":[66,72],"tags":[],"class_list":["post-28665","post","type-post","status-publish","format-standard","has-post-thumbnail","hentry","category-politica-nacionales","category-provinciales"],"_links":{"self":[{"href":"https:\/\/radiosurfm.com\/web\/wp-json\/wp\/v2\/posts\/28665","targetHints":{"allow":["GET"]}}],"collection":[{"href":"https:\/\/radiosurfm.com\/web\/wp-json\/wp\/v2\/posts"}],"about":[{"href":"https:\/\/radiosurfm.com\/web\/wp-json\/wp\/v2\/types\/post"}],"author":[{"embeddable":true,"href":"https:\/\/radiosurfm.com\/web\/wp-json\/wp\/v2\/users\/2"}],"replies":[{"embeddable":true,"href":"https:\/\/radiosurfm.com\/web\/wp-json\/wp\/v2\/comments?post=28665"}],"version-history":[{"count":0,"href":"https:\/\/radiosurfm.com\/web\/wp-json\/wp\/v2\/posts\/28665\/revisions"}],"wp:featuredmedia":[{"embeddable":true,"href":"https:\/\/radiosurfm.com\/web\/wp-json\/wp\/v2\/media\/23885"}],"wp:attachment":[{"href":"https:\/\/radiosurfm.com\/web\/wp-json\/wp\/v2\/media?parent=28665"}],"wp:term":[{"taxonomy":"category","embeddable":true,"href":"https:\/\/radiosurfm.com\/web\/wp-json\/wp\/v2\/categories?post=28665"},{"taxonomy":"post_tag","embeddable":true,"href":"https:\/\/radiosurfm.com\/web\/wp-json\/wp\/v2\/tags?post=28665"}],"curies":[{"name":"wp","href":"https:\/\/api.w.org\/{rel}","templated":true}]}}