{"id":28695,"date":"2025-01-23T15:20:35","date_gmt":"2025-01-23T18:20:35","guid":{"rendered":"https:\/\/radiosurfm.com\/web\/?p=28695"},"modified":"2025-01-23T15:20:35","modified_gmt":"2025-01-23T18:20:35","slug":"diputados-piden-la-restitucion-de-trabajadores-despedidos-de-pami","status":"publish","type":"post","link":"https:\/\/radiosurfm.com\/web\/2025\/01\/23\/diputados-piden-la-restitucion-de-trabajadores-despedidos-de-pami\/","title":{"rendered":"Diputados piden la restituci\u00f3n de trabajadores despedidos de PAMI"},"content":{"rendered":"<p>Los diputados nacionales por Corrientes, Jorge Romero, Sand Nancy y Christian Zulli, entre otros legisladores de Uni\u00f3n por la Patria (UP), presentaron un proyecto de resoluci\u00f3n a trav\u00e9s del cual solicitan la &#8220;inmediata restituci\u00f3n de los trabajadores, de la planta permanente y contratados, que fueron arbitrariamente despedidos en la provincia de Corrientes y en todo el pa\u00eds del Instituto Nacional de Servicios Sociales para Jubilados y Pensionados (INSSJP-PAMI)&#8221;.<\/p>\n<p>La obra social desafect\u00f3 a 200 trabajadores de los cuales tres son de la provincia de Corrientes. Para los integrantes del bloque peronista se trata de una &#8220;fragante violaci\u00f3n a las leyes vigentes en el caso del personal despedido, sin causa, que adem\u00e1s cuentan con fueros sindicales&#8221;. El proyecto que ingres\u00f3 al Congreso de la Naci\u00f3n describe que los despidos son parte del &#8220;endurecimiento de los requisitos para acceder a la cobertura de medicamentos; as\u00ed como de la exigencia de nuevos tr\u00e1mites, lo que supone un incremento en la demanda de asistencia&#8221;.<\/p>\n<p>En ese marco, las autoridades nacionales del PAMI dispusieron la &#8220;desafectaci\u00f3n de unos 200 trabajadores en todo el pa\u00eds; tres de ellos en la provincia Corrientes, uno de la localidad de Goya y los otros dos de Capital&#8221;. En el caso de Corrientes, &#8220;alrededor de 80 trabajadores atienden un padr\u00f3n de 52 mil afiliados&#8221; por lo que estos despidos &#8220;resultan injustificados y significativo&#8221;, ya que &#8220;m\u00e1s de 2.500 afiliados pierden su representaci\u00f3n en t\u00e9rminos de atenci\u00f3n personalizada&#8221;, seg\u00fan expresan los diputados en el documento. Los funcionarios alertan que los despidos comprometen la atenci\u00f3n de los adultos mayores beneficiarios, especialmente si se tiene en cuenta que algunas UGL son unipersonales. A su vez, por &#8220;el despido de su trabajador la localidad donde se encuentra queda sin atenci\u00f3n&#8221;. Los diputados, de esta manera, se suman al reclamo de sectores sindicales.<\/p>\n","protected":false},"excerpt":{"rendered":"<p>Los diputados nacionales por Corrientes, Jorge Romero, Sand Nancy y Christian Zulli, entre otros legisladores de Uni\u00f3n por la Patria (UP), presentaron un proyecto de resoluci\u00f3n a trav\u00e9s del cual solicitan la &#8220;inmediata restituci\u00f3n de los trabajadores, de la planta permanente y contratados, que fueron arbitrariamente despedidos en la provincia de Corrientes y en todo [&hellip;]<\/p>\n","protected":false},"author":2,"featured_media":28696,"comment_status":"open","ping_status":"open","sticky":false,"template":"","format":"standard","meta":{"footnotes":""},"categories":[72],"tags":[],"class_list":["post-28695","post","type-post","status-publish","format-standard","has-post-thumbnail","hentry","category-provinciales"],"_links":{"self":[{"href":"https:\/\/radiosurfm.com\/web\/wp-json\/wp\/v2\/posts\/28695","targetHints":{"allow":["GET"]}}],"collection":[{"href":"https:\/\/radiosurfm.com\/web\/wp-json\/wp\/v2\/posts"}],"about":[{"href":"https:\/\/radiosurfm.com\/web\/wp-json\/wp\/v2\/types\/post"}],"author":[{"embeddable":true,"href":"https:\/\/radiosurfm.com\/web\/wp-json\/wp\/v2\/users\/2"}],"replies":[{"embeddable":true,"href":"https:\/\/radiosurfm.com\/web\/wp-json\/wp\/v2\/comments?post=28695"}],"version-history":[{"count":0,"href":"https:\/\/radiosurfm.com\/web\/wp-json\/wp\/v2\/posts\/28695\/revisions"}],"wp:featuredmedia":[{"embeddable":true,"href":"https:\/\/radiosurfm.com\/web\/wp-json\/wp\/v2\/media\/28696"}],"wp:attachment":[{"href":"https:\/\/radiosurfm.com\/web\/wp-json\/wp\/v2\/media?parent=28695"}],"wp:term":[{"taxonomy":"category","embeddable":true,"href":"https:\/\/radiosurfm.com\/web\/wp-json\/wp\/v2\/categories?post=28695"},{"taxonomy":"post_tag","embeddable":true,"href":"https:\/\/radiosurfm.com\/web\/wp-json\/wp\/v2\/tags?post=28695"}],"curies":[{"name":"wp","href":"https:\/\/api.w.org\/{rel}","templated":true}]}}