{"id":28698,"date":"2025-01-23T15:22:53","date_gmt":"2025-01-23T18:22:53","guid":{"rendered":"https:\/\/radiosurfm.com\/web\/?p=28698"},"modified":"2025-01-23T15:22:53","modified_gmt":"2025-01-23T18:22:53","slug":"el-halo-solar-se-observo-con-nitidez-en-goya","status":"publish","type":"post","link":"https:\/\/radiosurfm.com\/web\/2025\/01\/23\/el-halo-solar-se-observo-con-nitidez-en-goya\/","title":{"rendered":"El halo solar se observ\u00f3 con nitidez en Goya"},"content":{"rendered":"<p>En distintas ciudades y parajes rurales de Corrientes se observ\u00f3 el fen\u00f3meno que se mantuvo desde la media ma\u00f1ana del mi\u00e9rcoles hasta el mediod\u00eda, y la imagen fue documentada ante espect\u00e1culo que brindaba, para quienes no paso desapercibido. Se trata de un fen\u00f3meno natural y no representa ning\u00fan peligro. Sin embargo, en algunas culturas, los halos solares tienen significados simb\u00f3licos o se consideran presagios clim\u00e1ticos.<\/p>\n<p>El medio digital Sendero del Litoral explic\u00f3 que &#8220;lo que se observa en la imagen es un fen\u00f3meno \u00f3ptico llamado halo solar. Este efecto ocurre cuando la luz del sol interact\u00faa con part\u00edculas de hielo en la atm\u00f3sfera superior, espec\u00edficamente en nubes cirrostratus. Estas part\u00edculas refractan y reflejan la luz, formando un anillo alrededor del sol&#8221;.<\/p>\n<p>&#8220;El halo suele ser un c\u00edrculo perfecto y a menudo tiene colores similares a los de un arco\u00edris debido a la dispersi\u00f3n de la luz. Es un fen\u00f3meno natural y no representa ning\u00fan peligro. Sin embargo, en algunas culturas, los halos solares tienen significados simb\u00f3licos o se consideran presagios clim\u00e1ticos&#8221;.<\/p>\n","protected":false},"excerpt":{"rendered":"<p>En distintas ciudades y parajes rurales de Corrientes se observ\u00f3 el fen\u00f3meno que se mantuvo desde la media ma\u00f1ana del mi\u00e9rcoles hasta el mediod\u00eda, y la imagen fue documentada ante espect\u00e1culo que brindaba, para quienes no paso desapercibido. Se trata de un fen\u00f3meno natural y no representa ning\u00fan peligro. Sin embargo, en algunas culturas, los [&hellip;]<\/p>\n","protected":false},"author":2,"featured_media":28699,"comment_status":"open","ping_status":"open","sticky":false,"template":"","format":"standard","meta":{"footnotes":""},"categories":[56,71],"tags":[],"class_list":["post-28698","post","type-post","status-publish","format-standard","has-post-thumbnail","hentry","category-locales","category-sociales"],"_links":{"self":[{"href":"https:\/\/radiosurfm.com\/web\/wp-json\/wp\/v2\/posts\/28698","targetHints":{"allow":["GET"]}}],"collection":[{"href":"https:\/\/radiosurfm.com\/web\/wp-json\/wp\/v2\/posts"}],"about":[{"href":"https:\/\/radiosurfm.com\/web\/wp-json\/wp\/v2\/types\/post"}],"author":[{"embeddable":true,"href":"https:\/\/radiosurfm.com\/web\/wp-json\/wp\/v2\/users\/2"}],"replies":[{"embeddable":true,"href":"https:\/\/radiosurfm.com\/web\/wp-json\/wp\/v2\/comments?post=28698"}],"version-history":[{"count":0,"href":"https:\/\/radiosurfm.com\/web\/wp-json\/wp\/v2\/posts\/28698\/revisions"}],"wp:featuredmedia":[{"embeddable":true,"href":"https:\/\/radiosurfm.com\/web\/wp-json\/wp\/v2\/media\/28699"}],"wp:attachment":[{"href":"https:\/\/radiosurfm.com\/web\/wp-json\/wp\/v2\/media?parent=28698"}],"wp:term":[{"taxonomy":"category","embeddable":true,"href":"https:\/\/radiosurfm.com\/web\/wp-json\/wp\/v2\/categories?post=28698"},{"taxonomy":"post_tag","embeddable":true,"href":"https:\/\/radiosurfm.com\/web\/wp-json\/wp\/v2\/tags?post=28698"}],"curies":[{"name":"wp","href":"https:\/\/api.w.org\/{rel}","templated":true}]}}