{"id":28723,"date":"2025-01-23T16:18:42","date_gmt":"2025-01-23T19:18:42","guid":{"rendered":"https:\/\/radiosurfm.com\/web\/?p=28723"},"modified":"2025-01-23T16:18:42","modified_gmt":"2025-01-23T19:18:42","slug":"el-gobierno-contra-los-gobernadores-aliados","status":"publish","type":"post","link":"https:\/\/radiosurfm.com\/web\/2025\/01\/23\/el-gobierno-contra-los-gobernadores-aliados\/","title":{"rendered":"El Gobierno contra los gobernadores aliados"},"content":{"rendered":"<p>Lejos de atender alguno de sus reclamos o abrir un espacio de negociaci\u00f3n, el Gobierno liberario sali\u00f3 ayer con los tapones de punta contra los gobernadores aliados, que hab\u00edan hecho una conferencia para advertir sobre la situaci\u00f3n del sector rural y pedir que se bajen las retenciones. La iniciativa la hab\u00edan tomado los gobernadores de C\u00f3rdoba, Mart\u00edn Llaryora; de Santa Fe, Maximiliano Pullaro, y de Entre R\u00edos, Rogelio Frigerio. Es decir, dirigentes del peronismo cordob\u00e9s, del radicalismo y del PRO, todos sectores que estuvieron entre los aliados del oficialismo y cuyos legisladores nacionales suelen acompa\u00f1ar sus propuestas en el Congreso Nacional. Caputo les respondi\u00f3 con un\u00a0<a href=\"https:\/\/x.com\/LuisCaputoAR\/status\/1881820203408863585\" target=\"_blank\" rel=\"noopener\">tweet kilom\u00e9trico<\/a>\u00a0donde les asegur\u00f3 que\u00a0<b>&#8220;este gobierno vino a bajar impuestos&#8221;<\/b>, pero contabiliz\u00f3 como un &#8220;impuesto&#8221; la inflaci\u00f3n y no pudo dar muchos m\u00e1s ejemplos. Los trolls libertarios se sumaron a la embestida y los macristas apuntaron contra el funcionario nacional.<\/p>\n<p>El ministro de Econom\u00eda se tom\u00f3 el trabajo de contestarle extensamente a los tres gobernadores que se presentaron juntos en Rosario para reclamar que el pr\u00f3ximo impuesto que se baje sean las retenciones. Le hab\u00edan apuntado directo al modelo de Javier Milei:<b>\u00a0advirtieron que el atraso en el d\u00f3lar, los precios internacionales y el mantener las retenciones\u00a0<\/b>eran un combo que afecta fuertemente a los productores rurales.<\/p>\n<p>Caputo se mostr\u00f3 visiblemente enojado: &#8220;Estimados,\u00a0<b>en caso que no haya quedado claro, este gobierno vino a bajar impuestos&#8221;<\/b>, afirm\u00f3.\u00a0El ministro sac\u00f3 a relucir el libreto oficial. Habl\u00f3 del &#8220;desastre heredado&#8221;, de la &#8220;hiper&#8221; -que nunca ocurri\u00f3- y del super\u00e1vit fiscal -logrado a costa de bajar jubilaciones y salarios y de eliminar la obra p\u00fablica-. &#8220;La ortodoxia fiscal y monetaria no es negociable, y es el mayor reaseguro para todos los sectores productivos de que Argentina ya no va a caer en las crisis que hemos estado inmersos por d\u00e9cadas&#8221;, les contest\u00f3. Traducci\u00f3n: no vamos a bajar las retenciones.<\/p>\n<div class=\"slot-available\"><\/div>\n<p>&#8220;Desde que asumimos,\u00a0<b>ya hemos bajado mas impuestos que cualquier otro gobierno<\/b>, entre ellos el m\u00e1s importante, el impuesto inflacionario&#8221;, consider\u00f3 Caputo, en una declaraci\u00f3n que no pasar\u00eda el primer a\u00f1o de una carrera de Econom\u00eda: la inflaci\u00f3n es una cosa y los impuestos son otra. &#8220;Ese que tiene correlaci\u00f3n directa con el nivel de pobreza. No es una casualidad que la pobreza haya ca\u00eddo casi 20 puntos al mismo tiempo que bajamos la inflaci\u00f3n abruptamente&#8221;, asegur\u00f3 el ministro, aunque no cit\u00f3 la fuente, dado que el INDEC no public\u00f3 nuevas cifras de pobreza.<\/p>\n<p>&#8220;Tambi\u00e9n\u00a0<b>terminamos con el impuesto pa\u00eds<\/b>, otro impuesto tremendamente distorsivo, y redujimos en muchos casos a cero una cantidad impactante de aranceles, en particular a los bienes de capital&#8221;, asegur\u00f3. Ahi tuvo un segundo problema, porque olvid\u00f3 -seguramente en el apuro por escribir- que el Gobierno no elimin\u00f3 el impuesto PAIS, sino que simplemente se venci\u00f3 el plazo dispuesto por la ley, cosa que no dejaron de recordarle (las redes no perdonan). Tambi\u00e9n omiti\u00f3 mencionar la reinstauraci\u00f3n del impuesto a las Ganancias para los trabajadores.<\/p>\n<div class=\"slot-available\"><\/div>\n<p>Terminada la defensa, vino el contragolpe: &#8220;Vamos a hacer siempre el MAYOR ESFUERZO POSIBLE por bajar impuestos, pero sin comprometer la estabilidad macroecon\u00f3mica.\u00a0<b>A las provincias y municipios les digo que est\u00e1n cordialmente invitados a esta tarea.\u00a0<\/b>Todav\u00eda no hemos visto una provincia reducir Ingresos Brutos, sin lugar a dudas EL PEOR IMPUESTO que una econom\u00eda puede tener&#8221;, les devolvi\u00f3 la pelota.<\/p>\n<p>&#8220;Al contrario, muchas lo han subido, y algunas a niveles aberrantes. Ni hablar de algunos Municipios, que est\u00e1n directamente estafando a sus vecinos con tasas municipales que no tienen ninguna correlaci\u00f3n con las prestaciones que brindan, es decir, contrariamente a lo que dice la ley. El pa\u00eds lo construimos entre todos, Naci\u00f3n, Provincias y Municipios. Ojal\u00e1 seamos cada vez m\u00e1s los que entendamos que la forma m\u00e1s saludable para bajar impuestos\u00a0<b>es bajando el exorbitante nivel de gastos que a\u00fan hoy algunas provincias y municipios tienen<\/b>&#8220;, les enrostr\u00f3.<\/p>\n<p>Detr\u00e1s del ministro salieron al ataque trolls libertarios como @TraductorTeAma (Esteban Glavinich),\u00a0<a href=\"https:\/\/x.com\/PregoneroL\" target=\"_blank\" rel=\"noopener\">@PregoneroL<\/a>\u00a0o el abogado Alejandro Sarubbi Benitez, parte del stream de ultraderecha Carajo, todos con m\u00e1s 200 mil seguidores.\u00a0&#8220;Pullaro dice que &#8216;El campo se puede fundir&#8217;. Pero el a\u00f1o pasado les aument\u00f3 600% el inmobiliario rural y el 26 de diciembre de 2024 mientras todos estaban distra\u00eddos por Navidad aument\u00f3 el Inmobiliario rural de nuevo en 22% para 2025 y 40% si tenes m\u00e1s de 500 hect\u00e1reas&#8221;, retruc\u00f3 Glavinich. No falt\u00f3 el ep\u00edteto &#8220;degenerados fiscales&#8221; en varias de las cuentas.<\/p>\n<div class=\"slot-available\"><\/div>\n<p>Pero salida de Caputo a cuestionar a los tres gobernadores no fue bien recibida en redes. Bastan algunos ejemplos de trolls que le saltaron al cuello. &#8220;No est\u00e1 claro que tengan intenci\u00f3n de bajar impuestos.\u00a0<b>En su momento quisieron subir los derechos de exportacion<\/b>\u00a0y no pudieron porqu\u00e9 la UCR y el Gobernador Pullaro se les plant\u00f3. El impuesto Pa\u00eds no lo sacaron, sino que se venci\u00f3 la ley que lo creo. Verso y bicicleta&#8221;, le contest\u00f3 una usuaria a Caputo. &#8220;Est\u00e1 claro, eh! No bajaron ning\u00fan impuesto.\u00a0<b>La inflaci\u00f3n no es un impuesto aunque la dibujes<\/b>&#8220;, lo cuestion\u00f3 otro. Y despu\u00e9s fue sumando reclamos: &#8220;Soy la categor\u00eda m\u00e1s baja del monotributo y me aumentaron mucho el impuesto mensual. Teniendo en cuenta que me jubilo con la m\u00ednima, me parece que es demasiado&#8221;, le reclamaron. Y as\u00ed siguieron las cr\u00edticas.<\/p>\n<div class=\"slot-available\"><\/div>\n<p>Caputo contest\u00f3 a un encuentro de los tres gobernadores con la intenci\u00f3n de remarcar que el empresariado rural no puede esperar m\u00e1s una baja de retenciones. Es un flanco que duele, dado que\u00a0<b>fue una de las promesas incumplidas de Milei.\u00a0<\/b>Los tres remarcaron que las dificultades clim\u00e1ticas y la suba de costos est\u00e1 poniendo en crisis al agro. \u201cEntendemos que en funci\u00f3n de la baja de impuestos a la que se ha comprometido el presidente,\u00a0<b>el pr\u00f3ximo impuesto tiene que estar directamente asociado al campo. Tienen que ser las malditas retenciones<\/b>\u201d, los intim\u00f3 Pullaro. &#8220;Desde Buenos Aires tienen que dimensionar que si no se toman medidas urgentes, el campo se va a fundir\u201d, insisti\u00f3 el gobenador de Santa Fe.<\/p>\n<p>\u201cNosotros estamos de acuerdo con la baja impositiva que va llevando adelante el Gobierno nacional y estamos de acuerdo con sostener el equilibrio fiscal. Lo hemos hecho en las tres provincias que nos toca representar&#8221;, consider\u00f3 Pullaro, en una respuesta anticipada a lo que luego les contestar\u00eda Caputo.<\/p>\n<p>\u201cLo que se plante\u00f3 en la reuni\u00f3n tiene que ver con pedirle al gobierno nacional que analice de manera urgente la posibilidad de reducir la presi\u00f3n impositiva de los derechos de exportaci\u00f3n al sector agropecuario. Que no haya ninguna otra prioridad que no sea aliviar impositivamente al sector\u201d, remarc\u00f3 Frigerio, tras ese encuentro de los gobernadores de la regi\u00f3n centro.\u00a0\u00a0<b>\u201cSomos provincias agropecuarias y vamos a defender a nuestro principal factor de desarrollo y empleo en cualquier circunstancia.\u00a0<\/b>Lo hicimos al principio de nuestras gestiones cuando la Ley Bases pretend\u00eda de manera equivocada incrementar los derechos de exportaci\u00f3n al sector agropecuario y lo vamos a seguir haciendo cada vez que el campo as\u00ed lo necesite\u201d, record\u00f3.<\/p>\n<div class=\"slot-available\"><\/div>\n<p>Llaryora, por su parte, plante\u00f3 que las retenciones \u201csiempre fueron un mal impuesto\u201d. \u201cQueremos que bajen las retenciones para que ese dinero quede en manos de los productores y as\u00ed poder volver a sembrar y salir de esta situaci\u00f3n tan dif\u00edcil que tienen. Ese dinero se mueve en cada uno de nuestros pueblos. Nuestros productores no ponen la plata en las Islas Caim\u00e1n, la ponen en cada una de nuestras regiones. Gobernar es generar trabajo y no podemos hacerlo si ahogan a la producci\u00f3n. En la Regi\u00f3n Centro nadie quiere vivir de un subsidio, todos quieren vivir de un buen empleo\u201d, remarc\u00f3.<\/p>\n<p>Por el momento, el Gobierno contest\u00f3 que no.<\/p>\n","protected":false},"excerpt":{"rendered":"<p>Lejos de atender alguno de sus reclamos o abrir un espacio de negociaci\u00f3n, el Gobierno liberario sali\u00f3 ayer con los tapones de punta contra los gobernadores aliados, que hab\u00edan hecho una conferencia para advertir sobre la situaci\u00f3n del sector rural y pedir que se bajen las retenciones. La iniciativa la hab\u00edan tomado los gobernadores de [&hellip;]<\/p>\n","protected":false},"author":2,"featured_media":28724,"comment_status":"open","ping_status":"open","sticky":false,"template":"","format":"standard","meta":{"footnotes":""},"categories":[64,66],"tags":[],"class_list":["post-28723","post","type-post","status-publish","format-standard","has-post-thumbnail","hentry","category-nacionales","category-politica-nacionales"],"_links":{"self":[{"href":"https:\/\/radiosurfm.com\/web\/wp-json\/wp\/v2\/posts\/28723","targetHints":{"allow":["GET"]}}],"collection":[{"href":"https:\/\/radiosurfm.com\/web\/wp-json\/wp\/v2\/posts"}],"about":[{"href":"https:\/\/radiosurfm.com\/web\/wp-json\/wp\/v2\/types\/post"}],"author":[{"embeddable":true,"href":"https:\/\/radiosurfm.com\/web\/wp-json\/wp\/v2\/users\/2"}],"replies":[{"embeddable":true,"href":"https:\/\/radiosurfm.com\/web\/wp-json\/wp\/v2\/comments?post=28723"}],"version-history":[{"count":0,"href":"https:\/\/radiosurfm.com\/web\/wp-json\/wp\/v2\/posts\/28723\/revisions"}],"wp:featuredmedia":[{"embeddable":true,"href":"https:\/\/radiosurfm.com\/web\/wp-json\/wp\/v2\/media\/28724"}],"wp:attachment":[{"href":"https:\/\/radiosurfm.com\/web\/wp-json\/wp\/v2\/media?parent=28723"}],"wp:term":[{"taxonomy":"category","embeddable":true,"href":"https:\/\/radiosurfm.com\/web\/wp-json\/wp\/v2\/categories?post=28723"},{"taxonomy":"post_tag","embeddable":true,"href":"https:\/\/radiosurfm.com\/web\/wp-json\/wp\/v2\/tags?post=28723"}],"curies":[{"name":"wp","href":"https:\/\/api.w.org\/{rel}","templated":true}]}}