{"id":28785,"date":"2025-01-28T13:41:04","date_gmt":"2025-01-28T16:41:04","guid":{"rendered":"https:\/\/radiosurfm.com\/web\/?p=28785"},"modified":"2025-01-28T13:41:04","modified_gmt":"2025-01-28T16:41:04","slug":"dos-personas-fueron-sorprendidas-en-plena-faena-clandestina-en-un-paraje-de-corrientes","status":"publish","type":"post","link":"https:\/\/radiosurfm.com\/web\/2025\/01\/28\/dos-personas-fueron-sorprendidas-en-plena-faena-clandestina-en-un-paraje-de-corrientes\/","title":{"rendered":"Dos personas fueron sorprendidas en plena faena clandestina en un paraje de Corrientes"},"content":{"rendered":"<p>Al costado de un monte en el paraje La Loma, en el departamento Lavalle, sorprendieron a dos personas infraganti en plena faena clandestina y luego se determin\u00f3 que en la zona operaba una carnicer\u00eda ilegal.<\/p>\n<p>Luego de un aviso an\u00f3nimo se moviliz\u00f3 con rapidez personal de la Polic\u00eda Rural y Ecol\u00f3gica de Lavalle que lleg\u00f3 inmediatamente al lugar indicado y efectivamente constat\u00f3 el accionar il\u00edcito.<\/p>\n<p>Los responsables fueron identificados fueron Carlos P. \u00a0(carnicero comprador) y Ricardo N. (carneador). Por disposici\u00f3n de la Fiscal\u00eda, se inicio de actuaciones por infracci\u00f3n al Art. 206 del C.P.A., el secuestro e incineraci\u00f3n de la carne y la liberaci\u00f3n de los involucrados.<\/p>\n<p>&nbsp;<\/p>\n","protected":false},"excerpt":{"rendered":"<p>Al costado de un monte en el paraje La Loma, en el departamento Lavalle, sorprendieron a dos personas infraganti en plena faena clandestina y luego se determin\u00f3 que en la zona operaba una carnicer\u00eda ilegal. Luego de un aviso an\u00f3nimo se moviliz\u00f3 con rapidez personal de la Polic\u00eda Rural y Ecol\u00f3gica de Lavalle que lleg\u00f3 [&hellip;]<\/p>\n","protected":false},"author":2,"featured_media":28786,"comment_status":"open","ping_status":"open","sticky":false,"template":"","format":"standard","meta":{"footnotes":""},"categories":[68,72],"tags":[],"class_list":["post-28785","post","type-post","status-publish","format-standard","has-post-thumbnail","hentry","category-policiales-nacionales","category-provinciales"],"_links":{"self":[{"href":"https:\/\/radiosurfm.com\/web\/wp-json\/wp\/v2\/posts\/28785","targetHints":{"allow":["GET"]}}],"collection":[{"href":"https:\/\/radiosurfm.com\/web\/wp-json\/wp\/v2\/posts"}],"about":[{"href":"https:\/\/radiosurfm.com\/web\/wp-json\/wp\/v2\/types\/post"}],"author":[{"embeddable":true,"href":"https:\/\/radiosurfm.com\/web\/wp-json\/wp\/v2\/users\/2"}],"replies":[{"embeddable":true,"href":"https:\/\/radiosurfm.com\/web\/wp-json\/wp\/v2\/comments?post=28785"}],"version-history":[{"count":0,"href":"https:\/\/radiosurfm.com\/web\/wp-json\/wp\/v2\/posts\/28785\/revisions"}],"wp:featuredmedia":[{"embeddable":true,"href":"https:\/\/radiosurfm.com\/web\/wp-json\/wp\/v2\/media\/28786"}],"wp:attachment":[{"href":"https:\/\/radiosurfm.com\/web\/wp-json\/wp\/v2\/media?parent=28785"}],"wp:term":[{"taxonomy":"category","embeddable":true,"href":"https:\/\/radiosurfm.com\/web\/wp-json\/wp\/v2\/categories?post=28785"},{"taxonomy":"post_tag","embeddable":true,"href":"https:\/\/radiosurfm.com\/web\/wp-json\/wp\/v2\/tags?post=28785"}],"curies":[{"name":"wp","href":"https:\/\/api.w.org\/{rel}","templated":true}]}}