{"id":28811,"date":"2025-01-29T14:06:32","date_gmt":"2025-01-29T17:06:32","guid":{"rendered":"https:\/\/radiosurfm.com\/web\/?p=28811"},"modified":"2025-01-29T14:06:32","modified_gmt":"2025-01-29T17:06:32","slug":"murio-un-ciclista-atropellado-por-motociclista-hace-12-dias-en-lavalle","status":"publish","type":"post","link":"https:\/\/radiosurfm.com\/web\/2025\/01\/29\/murio-un-ciclista-atropellado-por-motociclista-hace-12-dias-en-lavalle\/","title":{"rendered":"Muri\u00f3 un ciclista atropellado por motociclista hace 12 d\u00edas en Lavalle"},"content":{"rendered":"<p>Seg\u00fan trascendi\u00f3 en aquella oportunidad, el choque sucedi\u00f3 a la altura del kil\u00f3metro 112 de la Ruta Provincial N\u00b027, en el acceso norte de la localidad, donde circulaba Medina a bordo de su bicicleta, cuando fue embestido por una motocicleta en la que se desplazaban dos j\u00f3venes de apellidos Mej\u00eda Quispe, quienes tambi\u00e9n resultaron lesionados.<\/p>\n<p>Medina sufri\u00f3 severos golpes en la cabeza que obligaron a su traslado urgente hacia el Hospital Zonal de Goya, pero debido a la complejidad de su cuadro luego fue derivado hacia la capital correntina, donde finalmente ayer se inform\u00f3 de su fallecimiento. Solo resta establecer las causas que originaron el siniestro, que ahora se convirti\u00f3 en homicidio.<\/p>\n","protected":false},"excerpt":{"rendered":"<p>Seg\u00fan trascendi\u00f3 en aquella oportunidad, el choque sucedi\u00f3 a la altura del kil\u00f3metro 112 de la Ruta Provincial N\u00b027, en el acceso norte de la localidad, donde circulaba Medina a bordo de su bicicleta, cuando fue embestido por una motocicleta en la que se desplazaban dos j\u00f3venes de apellidos Mej\u00eda Quispe, quienes tambi\u00e9n resultaron lesionados. [&hellip;]<\/p>\n","protected":false},"author":2,"featured_media":28812,"comment_status":"open","ping_status":"open","sticky":false,"template":"","format":"standard","meta":{"footnotes":""},"categories":[68,72],"tags":[],"class_list":["post-28811","post","type-post","status-publish","format-standard","has-post-thumbnail","hentry","category-policiales-nacionales","category-provinciales"],"_links":{"self":[{"href":"https:\/\/radiosurfm.com\/web\/wp-json\/wp\/v2\/posts\/28811","targetHints":{"allow":["GET"]}}],"collection":[{"href":"https:\/\/radiosurfm.com\/web\/wp-json\/wp\/v2\/posts"}],"about":[{"href":"https:\/\/radiosurfm.com\/web\/wp-json\/wp\/v2\/types\/post"}],"author":[{"embeddable":true,"href":"https:\/\/radiosurfm.com\/web\/wp-json\/wp\/v2\/users\/2"}],"replies":[{"embeddable":true,"href":"https:\/\/radiosurfm.com\/web\/wp-json\/wp\/v2\/comments?post=28811"}],"version-history":[{"count":0,"href":"https:\/\/radiosurfm.com\/web\/wp-json\/wp\/v2\/posts\/28811\/revisions"}],"wp:featuredmedia":[{"embeddable":true,"href":"https:\/\/radiosurfm.com\/web\/wp-json\/wp\/v2\/media\/28812"}],"wp:attachment":[{"href":"https:\/\/radiosurfm.com\/web\/wp-json\/wp\/v2\/media?parent=28811"}],"wp:term":[{"taxonomy":"category","embeddable":true,"href":"https:\/\/radiosurfm.com\/web\/wp-json\/wp\/v2\/categories?post=28811"},{"taxonomy":"post_tag","embeddable":true,"href":"https:\/\/radiosurfm.com\/web\/wp-json\/wp\/v2\/tags?post=28811"}],"curies":[{"name":"wp","href":"https:\/\/api.w.org\/{rel}","templated":true}]}}