{"id":28814,"date":"2025-01-29T14:09:03","date_gmt":"2025-01-29T17:09:03","guid":{"rendered":"https:\/\/radiosurfm.com\/web\/?p=28814"},"modified":"2025-01-29T14:09:03","modified_gmt":"2025-01-29T17:09:03","slug":"renuncio-eduardo-serenellini-el-secretario-de-comunicacion-y-prensa-de-la-nacion","status":"publish","type":"post","link":"https:\/\/radiosurfm.com\/web\/2025\/01\/29\/renuncio-eduardo-serenellini-el-secretario-de-comunicacion-y-prensa-de-la-nacion\/","title":{"rendered":"Renunci\u00f3 Eduardo Serenellini, el secretario de Comunicaci\u00f3n y Prensa de la Naci\u00f3n"},"content":{"rendered":"<div>El secretario de Prensa del Gobierno, Eduardo Serenellini, present\u00f3 hoy su renuncia al cargo por &#8220;motivos personales&#8221;, seg\u00fan pudo confirmar la Agencia Noticias Argentinas de fuentes oficiales. As\u00ed hab\u00eda respondido el funcionario ante la consulta de esta agencia.<\/div>\n<div>\n<div><\/div>\n<div>Posteriormente, Serenellini utiliz\u00f3 sus redes sociales para confirmar su dimisi\u00f3n: &#8220;Por razones personales he presentado mi renuncia al cargo de Secretario de Prensa de la Naci\u00f3n al presidente Javier Milei&#8221;.<\/div>\n<\/div>\n","protected":false},"excerpt":{"rendered":"<p>El secretario de Prensa del Gobierno, Eduardo Serenellini, present\u00f3 hoy su renuncia al cargo por &#8220;motivos personales&#8221;, seg\u00fan pudo confirmar la Agencia Noticias Argentinas de fuentes oficiales. As\u00ed hab\u00eda respondido el funcionario ante la consulta de esta agencia. Posteriormente, Serenellini utiliz\u00f3 sus redes sociales para confirmar su dimisi\u00f3n: &#8220;Por razones personales he presentado mi renuncia [&hellip;]<\/p>\n","protected":false},"author":2,"featured_media":28815,"comment_status":"open","ping_status":"open","sticky":false,"template":"","format":"standard","meta":{"footnotes":""},"categories":[64],"tags":[],"class_list":["post-28814","post","type-post","status-publish","format-standard","has-post-thumbnail","hentry","category-nacionales"],"_links":{"self":[{"href":"https:\/\/radiosurfm.com\/web\/wp-json\/wp\/v2\/posts\/28814","targetHints":{"allow":["GET"]}}],"collection":[{"href":"https:\/\/radiosurfm.com\/web\/wp-json\/wp\/v2\/posts"}],"about":[{"href":"https:\/\/radiosurfm.com\/web\/wp-json\/wp\/v2\/types\/post"}],"author":[{"embeddable":true,"href":"https:\/\/radiosurfm.com\/web\/wp-json\/wp\/v2\/users\/2"}],"replies":[{"embeddable":true,"href":"https:\/\/radiosurfm.com\/web\/wp-json\/wp\/v2\/comments?post=28814"}],"version-history":[{"count":0,"href":"https:\/\/radiosurfm.com\/web\/wp-json\/wp\/v2\/posts\/28814\/revisions"}],"wp:featuredmedia":[{"embeddable":true,"href":"https:\/\/radiosurfm.com\/web\/wp-json\/wp\/v2\/media\/28815"}],"wp:attachment":[{"href":"https:\/\/radiosurfm.com\/web\/wp-json\/wp\/v2\/media?parent=28814"}],"wp:term":[{"taxonomy":"category","embeddable":true,"href":"https:\/\/radiosurfm.com\/web\/wp-json\/wp\/v2\/categories?post=28814"},{"taxonomy":"post_tag","embeddable":true,"href":"https:\/\/radiosurfm.com\/web\/wp-json\/wp\/v2\/tags?post=28814"}],"curies":[{"name":"wp","href":"https:\/\/api.w.org\/{rel}","templated":true}]}}