{"id":28817,"date":"2025-01-29T14:15:48","date_gmt":"2025-01-29T17:15:48","guid":{"rendered":"https:\/\/radiosurfm.com\/web\/?p=28817"},"modified":"2025-01-29T14:15:48","modified_gmt":"2025-01-29T17:15:48","slug":"en-goya-la-policia-detuvo-a-un-profugo-denunciado-por-violencia-de-genero-a-pedido-de-la-justicia-del-chaco","status":"publish","type":"post","link":"https:\/\/radiosurfm.com\/web\/2025\/01\/29\/en-goya-la-policia-detuvo-a-un-profugo-denunciado-por-violencia-de-genero-a-pedido-de-la-justicia-del-chaco\/","title":{"rendered":"En Goya la Polic\u00eda detuvo a un pr\u00f3fugo denunciado por violencia de g\u00e9nero a pedido de la justicia del Chaco"},"content":{"rendered":"<p><span class=\"cuerpo\">Esta persona, de apellido Barrios, mayor de edad, estaba pr\u00f3fuga desde el mes de noviembre del a\u00f1o pasado, momento en el cual la Polic\u00eda de la vecina provincia fue a detenerlo y se hab\u00eda evadido, seg\u00fan informaci\u00f3n el mismo habr\u00eda venido a Corrientes.<\/p>\n<p>La causa por la que ten\u00eda pedido de detenci\u00f3n era por violencia de g\u00e9nero en contra de su pareja, quien realiz\u00f3 la denuncia en la Fiscal\u00eda Nro. 5 de Resistencia Chaco.<\/p>\n<p>Con la orden de detenci\u00f3n, personal de investigaciones de la Comisaria 1ra de Goya, realizaron un paciente trabajo investigativo, el que incluy\u00f3 inteligencia de redes sociales, pudiendo determinar que el sujeto se encontraba en esta ciudad.<\/p>\n<p>Mediante averiguaciones y tareas de OSINT, se pudo averiguar el domicilio de la persona, por lo que mont\u00f3 una vigilancia en las inmediaciones del mismo, hasta que el pr\u00f3fugo sali\u00f3 de su casa, siendo sorprendido por los polic\u00edas. Ya rodeado, el mismo no ejerci\u00f3 resistencia y se entreg\u00f3.<\/p>\n<p>Se puso en conocimiento de las autoridades judiciales, quedando moment\u00e1neamente alojado en la Comisar\u00eda de referencia.<\/span><\/p>\n","protected":false},"excerpt":{"rendered":"<p>Esta persona, de apellido Barrios, mayor de edad, estaba pr\u00f3fuga desde el mes de noviembre del a\u00f1o pasado, momento en el cual la Polic\u00eda de la vecina provincia fue a detenerlo y se hab\u00eda evadido, seg\u00fan informaci\u00f3n el mismo habr\u00eda venido a Corrientes. La causa por la que ten\u00eda pedido de detenci\u00f3n era por violencia [&hellip;]<\/p>\n","protected":false},"author":2,"featured_media":28818,"comment_status":"open","ping_status":"open","sticky":false,"template":"","format":"standard","meta":{"footnotes":""},"categories":[56,68],"tags":[],"class_list":["post-28817","post","type-post","status-publish","format-standard","has-post-thumbnail","hentry","category-locales","category-policiales-nacionales"],"_links":{"self":[{"href":"https:\/\/radiosurfm.com\/web\/wp-json\/wp\/v2\/posts\/28817","targetHints":{"allow":["GET"]}}],"collection":[{"href":"https:\/\/radiosurfm.com\/web\/wp-json\/wp\/v2\/posts"}],"about":[{"href":"https:\/\/radiosurfm.com\/web\/wp-json\/wp\/v2\/types\/post"}],"author":[{"embeddable":true,"href":"https:\/\/radiosurfm.com\/web\/wp-json\/wp\/v2\/users\/2"}],"replies":[{"embeddable":true,"href":"https:\/\/radiosurfm.com\/web\/wp-json\/wp\/v2\/comments?post=28817"}],"version-history":[{"count":0,"href":"https:\/\/radiosurfm.com\/web\/wp-json\/wp\/v2\/posts\/28817\/revisions"}],"wp:featuredmedia":[{"embeddable":true,"href":"https:\/\/radiosurfm.com\/web\/wp-json\/wp\/v2\/media\/28818"}],"wp:attachment":[{"href":"https:\/\/radiosurfm.com\/web\/wp-json\/wp\/v2\/media?parent=28817"}],"wp:term":[{"taxonomy":"category","embeddable":true,"href":"https:\/\/radiosurfm.com\/web\/wp-json\/wp\/v2\/categories?post=28817"},{"taxonomy":"post_tag","embeddable":true,"href":"https:\/\/radiosurfm.com\/web\/wp-json\/wp\/v2\/tags?post=28817"}],"curies":[{"name":"wp","href":"https:\/\/api.w.org\/{rel}","templated":true}]}}