{"id":28861,"date":"2025-01-30T17:39:27","date_gmt":"2025-01-30T20:39:27","guid":{"rendered":"https:\/\/radiosurfm.com\/web\/?p=28861"},"modified":"2025-01-30T17:39:27","modified_gmt":"2025-01-30T20:39:27","slug":"tania-ferreira-entrenara-y-competira-en-estados-unidos","status":"publish","type":"post","link":"https:\/\/radiosurfm.com\/web\/2025\/01\/30\/tania-ferreira-entrenara-y-competira-en-estados-unidos\/","title":{"rendered":"Tania Ferreira entrenar\u00e1 y competir\u00e1 en Estados Unidos"},"content":{"rendered":"<p>La nadadora Tania Ferreyra fue citada por la Confederaci\u00f3n Argentina De Deportes Acu\u00e1ticos (CADDA) para participar del Campus Internacional y Campeonato Seccional Southern Zone en Ocala, Florida.<br \/>\nDe esta manera se confirma el gran presente y la proyecci\u00f3n que tiene la representante del Club de Regatas Corrientes que ya hab\u00eda sido convocada para representar al pa\u00eds en el Mundial Escolar.<br \/>\nEl Campus y la competencia en Florida se llevar\u00e1 adelante entre el 26 y 29 de junio en la ciudad estadounidense, y servir\u00e1 como preparaci\u00f3n del plantel argentino para diferentes torneos internacionales a realizarse en este 2025.<br \/>\nEn el caso de Tania Ferreyra, la cita ser\u00e1 una importante prueba de cara a su participaci\u00f3n en el Sudamericano Juvenil de Brasil 2025, al cual ella consigui\u00f3 la marca en los 50 pecho con 33,81 segundos en la categor\u00eda Juvenil A.<br \/>\nPreviamente, durante el mes de abril, Ferreyra est\u00e1 convocada para estar en Serbia en el Mundial Escolar.<br \/>\nDe este modo, la nadadora correntina sigue confirmando su gran presente y su enorme futuro en la disciplina, siendo ya varias veces considerada para integrar los seleccionados nacionales.<\/p>\n<p>&nbsp;<\/p>\n","protected":false},"excerpt":{"rendered":"<p>La nadadora Tania Ferreyra fue citada por la Confederaci\u00f3n Argentina De Deportes Acu\u00e1ticos (CADDA) para participar del Campus Internacional y Campeonato Seccional Southern Zone en Ocala, Florida. De esta manera se confirma el gran presente y la proyecci\u00f3n que tiene la representante del Club de Regatas Corrientes que ya hab\u00eda sido convocada para representar al [&hellip;]<\/p>\n","protected":false},"author":2,"featured_media":28862,"comment_status":"open","ping_status":"open","sticky":false,"template":"","format":"standard","meta":{"footnotes":""},"categories":[83,72],"tags":[],"class_list":["post-28861","post","type-post","status-publish","format-standard","has-post-thumbnail","hentry","category-deporte","category-provinciales"],"_links":{"self":[{"href":"https:\/\/radiosurfm.com\/web\/wp-json\/wp\/v2\/posts\/28861","targetHints":{"allow":["GET"]}}],"collection":[{"href":"https:\/\/radiosurfm.com\/web\/wp-json\/wp\/v2\/posts"}],"about":[{"href":"https:\/\/radiosurfm.com\/web\/wp-json\/wp\/v2\/types\/post"}],"author":[{"embeddable":true,"href":"https:\/\/radiosurfm.com\/web\/wp-json\/wp\/v2\/users\/2"}],"replies":[{"embeddable":true,"href":"https:\/\/radiosurfm.com\/web\/wp-json\/wp\/v2\/comments?post=28861"}],"version-history":[{"count":0,"href":"https:\/\/radiosurfm.com\/web\/wp-json\/wp\/v2\/posts\/28861\/revisions"}],"wp:featuredmedia":[{"embeddable":true,"href":"https:\/\/radiosurfm.com\/web\/wp-json\/wp\/v2\/media\/28862"}],"wp:attachment":[{"href":"https:\/\/radiosurfm.com\/web\/wp-json\/wp\/v2\/media?parent=28861"}],"wp:term":[{"taxonomy":"category","embeddable":true,"href":"https:\/\/radiosurfm.com\/web\/wp-json\/wp\/v2\/categories?post=28861"},{"taxonomy":"post_tag","embeddable":true,"href":"https:\/\/radiosurfm.com\/web\/wp-json\/wp\/v2\/tags?post=28861"}],"curies":[{"name":"wp","href":"https:\/\/api.w.org\/{rel}","templated":true}]}}