{"id":28870,"date":"2025-01-30T17:54:48","date_gmt":"2025-01-30T20:54:48","guid":{"rendered":"https:\/\/radiosurfm.com\/web\/?p=28870"},"modified":"2025-01-30T17:54:48","modified_gmt":"2025-01-30T20:54:48","slug":"el-chancho-va-con-el-dueno-camau-espinola-otra-vez-de-recorrida-por-la-rosada","status":"publish","type":"post","link":"https:\/\/radiosurfm.com\/web\/2025\/01\/30\/el-chancho-va-con-el-dueno-camau-espinola-otra-vez-de-recorrida-por-la-rosada\/","title":{"rendered":"El chancho va con el due\u00f1o: Camau Esp\u00ednola, otra vez de recorrida por la Rosada"},"content":{"rendered":"<p>El senador por Corrientes\u00a0<b>Carlos &#8220;Camau&#8221; Esp\u00ednola\u00a0<\/b>visit\u00f3 este mi\u00e9rcoles la Casa Rosada en busca de la venia del presidente Javier Milei para competir bajo el sello libertario en las elecciones de Corrientes, una instancia para la que busca, dijo, &#8220;una alianza con el Gobierno&#8221;.<\/p>\n<p>Se trata de\u00a0<b>la segunda visita de Esp\u00ednola a Balcarce 50\u00a0<\/b>en poco m\u00e1s de un mes y medio. En di\u00e1logo con la prensa acreditada, el legislador volvi\u00f3 a postularse para la Gobernaci\u00f3n correntina y admiti\u00f3: &#8220;Para m\u00ed es importante la alianza con el Gobierno y con otros sectores&#8221;.<\/p>\n<div id=\"talkFireEvent\"><\/div>\n<p>&#8220;La Libertad de Avanza (LLA) es una mirada y una expresi\u00f3n de cambio importante en el pa\u00eds.\u00a0<b>Hace tiempo vengo trabajando para ser gobernador y generar un cambio importante&#8221;<\/b>, a\u00f1adi\u00f3 el dirigente peronista y titular del bloque Las Provincias Unidas.<\/p>\n<div id=\"ad-slot-video_inread\" class=\"ad-slot-video_inread ad-slot\" data-adtype=\"video_inread\" data-google-query-id=\"CInk4u6onosDFXYkuQYd6JQ7JA\">\n<div id=\"google_ads_iframe_\/349353471\/p12\/nota_video_inread_0__container__\"><iframe id=\"google_ads_iframe_\/349353471\/p12\/nota_video_inread_0\" tabindex=\"0\" title=\"3rd party ad content\" name=\"google_ads_iframe_\/349353471\/p12\/nota_video_inread_0\" width=\"1\" height=\"1\" frameborder=\"0\" marginwidth=\"0\" marginheight=\"0\" scrolling=\"no\" aria-label=\"Advertisement\" data-load-complete=\"true\" data-google-container-id=\"3\" data-mce-fragment=\"1\"><\/iframe><\/div>\n<\/div>\n<div class=\"slot-available\"><\/div>\n<p>Para Esp\u00ednola, el esquema partidario de Corrientes tiene una &#8220;caracter\u00edstica muy particular y es necesario generar alianzas para hacer un frente en la propuesta electoral&#8221;. Y detall\u00f3 que viene\u00a0<b>&#8220;hablando y proponiendo que todos los que estemos en este camino de un cambio profundo en una mirada de la matriz productiva<\/b>, una mirada de un Estado m\u00e1s eficiente, m\u00e1s transparente, bienvenido sea&#8221;.<\/p>\n<p>&#8220;Tenemos que estar todos juntos m\u00e1s all\u00e1 de las candidaturas; el objetivo com\u00fan de dar una batalla importante en la forma de gobernar que hace 24 a\u00f1os tiene mi provincia&#8221;, agreg\u00f3 el medallista ol\u00edmpico sobre la hegemon\u00eda de la UCR en ese territorio. Y se\u00f1al\u00f3 que ante el kirchnerismo, que hoy\u00a0<b>&#8220;tiene el sello del peronismo en Corrientes&#8221;<\/b>, \u00e9l se posicionar\u00e1 &#8220;en otra vereda&#8221;. En tal sentido, afirm\u00f3 que &#8220;yo no voy a estar con La C\u00e1mpora&#8221;.<\/p>\n<div class=\"slot-available\"><\/div>\n<h2>&#8220;La bandita&#8221;<\/h2>\n<p>Esp\u00ednola,\u00a0<b>junto con el expulsado senador Edgardo Kueider<\/b>, dejaron el a\u00f1o pasado bloque peronista de la C\u00e1mara alta. Argumentaron &#8220;fuertes disidencias con la conducci\u00f3n&#8221; pero en el fondo se cocinaba otra cosa. Es que ambos aportaron votos claves para que salga la Ley Bases. Y tras la expulsi\u00f3n de Edgardo Kueider, arrestado en Paraguay con 200 mil d\u00f3lares sin declarar al cruzar la frontera con su secretaria,<b>\u00a0el peronismo apunt\u00f3 contra Esp\u00ednola por comandar &#8220;la bandita&#8221; que &#8220;vendi\u00f3&#8221; los votos. E<\/b>l interbloque peronista en el Senado, incluso, ya comenz\u00f3 a recopilar informaci\u00f3n y pretende hacer una presentaci\u00f3n para que se investigue si hubo alg\u00fan v\u00ednculo entre la aprobaci\u00f3n de la ley m\u00e1s importante de Milei y el enriquecimiento de Kueider, por un lado, y las pretenciosas electorales de Esp\u00ednola, por el otro. En el peronismo esperan pacientes. &#8220;A Kueider le van a dar ocho a\u00f1os en prisi\u00f3n. Y ah\u00ed va a empezar a cantar&#8221;, anticipa un referente de peso en el PJ nacional.<\/p>\n<div class=\"slot-available\"><\/div>\n<p><b>El vuelto que podr\u00eda haber recibido Camau se desconoce, pero en los pasillos de la C\u00e1mara Alta dejan traslucir\u00a0<\/b>que Esp\u00ednola ostentaba la autoridad de ser el guardi\u00e1n de los pliegos de los candidatos para la Corte Suprema, un rol que lo vuelve altamente cotizado. Tambi\u00e9n quiz\u00e1s LLA inclina la balanza a favor de Esp\u00ednola por sobre su propio candidato a gobernador: el diputado Lisandro Almir\u00f3n.<\/p>\n<p>Si Camau consigue la bendici\u00f3n y los fierros de Milei, ser\u00e1 2025 su tercera oportunidad. La definitiva, como dec\u00eda un expresidente. El exregatista ol\u00edmpico ya intent\u00f3 competir por la gobernaci\u00f3n en 2013 y 2017 y fall\u00f3. En ambas elecciones encabez\u00f3 una alianza peronista amplia, con el kirchnerismo incluido. En el medio coquete\u00f3 con Mauricio Macri, se pele\u00f3 con Cristina Fern\u00e1ndez de Kirchner y, finalmente, en 2021, se amig\u00f3 y compiti\u00f3 para senador nacional dentro de una boleta del Frente de Todos. Amigo de Daniel Scioli, Esp\u00ednola fue, durante los primeros a\u00f1os de gobierno frentetodista, enemigo del camporismo y estuvo alineado con el ala m\u00e1s &#8220;albertista&#8221; del gobierno. Al igual que Kueider.<\/p>\n<div class=\"slot-available\"><\/div>\n<p>El futuro de Kueider parece estar escrito. El de su &#8220;socio&#8221; Esp\u00ednola, todav\u00eda incierto.<\/p>\n","protected":false},"excerpt":{"rendered":"<p>El senador por Corrientes\u00a0Carlos &#8220;Camau&#8221; Esp\u00ednola\u00a0visit\u00f3 este mi\u00e9rcoles la Casa Rosada en busca de la venia del presidente Javier Milei para competir bajo el sello libertario en las elecciones de Corrientes, una instancia para la que busca, dijo, &#8220;una alianza con el Gobierno&#8221;. Se trata de\u00a0la segunda visita de Esp\u00ednola a Balcarce 50\u00a0en poco m\u00e1s [&hellip;]<\/p>\n","protected":false},"author":2,"featured_media":22861,"comment_status":"open","ping_status":"open","sticky":false,"template":"","format":"standard","meta":{"footnotes":""},"categories":[66,72],"tags":[],"class_list":["post-28870","post","type-post","status-publish","format-standard","has-post-thumbnail","hentry","category-politica-nacionales","category-provinciales"],"_links":{"self":[{"href":"https:\/\/radiosurfm.com\/web\/wp-json\/wp\/v2\/posts\/28870","targetHints":{"allow":["GET"]}}],"collection":[{"href":"https:\/\/radiosurfm.com\/web\/wp-json\/wp\/v2\/posts"}],"about":[{"href":"https:\/\/radiosurfm.com\/web\/wp-json\/wp\/v2\/types\/post"}],"author":[{"embeddable":true,"href":"https:\/\/radiosurfm.com\/web\/wp-json\/wp\/v2\/users\/2"}],"replies":[{"embeddable":true,"href":"https:\/\/radiosurfm.com\/web\/wp-json\/wp\/v2\/comments?post=28870"}],"version-history":[{"count":0,"href":"https:\/\/radiosurfm.com\/web\/wp-json\/wp\/v2\/posts\/28870\/revisions"}],"wp:featuredmedia":[{"embeddable":true,"href":"https:\/\/radiosurfm.com\/web\/wp-json\/wp\/v2\/media\/22861"}],"wp:attachment":[{"href":"https:\/\/radiosurfm.com\/web\/wp-json\/wp\/v2\/media?parent=28870"}],"wp:term":[{"taxonomy":"category","embeddable":true,"href":"https:\/\/radiosurfm.com\/web\/wp-json\/wp\/v2\/categories?post=28870"},{"taxonomy":"post_tag","embeddable":true,"href":"https:\/\/radiosurfm.com\/web\/wp-json\/wp\/v2\/tags?post=28870"}],"curies":[{"name":"wp","href":"https:\/\/api.w.org\/{rel}","templated":true}]}}