{"id":28885,"date":"2025-01-31T14:04:20","date_gmt":"2025-01-31T17:04:20","guid":{"rendered":"https:\/\/radiosurfm.com\/web\/?p=28885"},"modified":"2025-01-31T14:04:20","modified_gmt":"2025-01-31T17:04:20","slug":"el-gobierno-oficializo-el-pago-del-bono-de-70-000-para-jubilados-de-la-anses-cuanto-cobran-en-febrero","status":"publish","type":"post","link":"https:\/\/radiosurfm.com\/web\/2025\/01\/31\/el-gobierno-oficializo-el-pago-del-bono-de-70-000-para-jubilados-de-la-anses-cuanto-cobran-en-febrero\/","title":{"rendered":"El Gobierno oficializ\u00f3 el pago del bono de $70.000 para jubilados de la ANSES: cu\u00e1nto cobran en febrero"},"content":{"rendered":"<p>El Gobierno oficializ\u00f3 que pagar\u00e1 un bono de hasta $70.000 para jubilados y pensionados que cobran la m\u00ednima en febrero. El refuerzo que liquidar\u00e1 la ANSES se suma al aumento de 2,70% que surgi\u00f3 de la f\u00f3rmula de movilidad previsional impuesta por el DNU 274. As\u00ed, la jubilaci\u00f3n m\u00ednima m\u00e1s el bono alcanzar\u00e1 a $343.086,50 en el segundo mes del a\u00f1o.<\/p>\n<p>La medida fue formalizada este viernes mediante el decreto 47, publicado en el Bolet\u00edn Oficial. La ayuda econ\u00f3mica tambi\u00e9n se otorgar\u00e1 a titulares de la Pensi\u00f3n Universal para el Adulto Mayor (PUAM); pensiones no contributivas y madres de siete hijos o m\u00e1s.<\/p>\n<p>La suma se complementar\u00e1 a los haberes m\u00ednimos que este mes ser\u00e1n de $273.086,50. De esta manera, si se suma el refuerzo de $70.000, los titulares de las jubilaciones cobrar\u00e1n $343.086,50.<\/p>\n<p>Por otra parte, la ANSES, adem\u00e1s, determin\u00f3 que las bases imponibles m\u00ednima y m\u00e1xima quedaran establecidas en $91.975,48 y $2.989.160, respectivamente, a partir del per\u00edodo devengado febrero.<\/p>\n<p>Bono ANSES de $70.000: qui\u00e9nes lo cobrar\u00e1n en febrero<\/p>\n<p>El refuerzo extraordinario de $70.000 est\u00e1 destinado a:<\/p>\n<p>Jubilados y pensionados que no superen el haber m\u00ednimo ($273.086,50).<br \/>\nTitulares de la Pensi\u00f3n No Contributiva (PNC).<br \/>\nTitulares de la Pensi\u00f3n Universal para el Adulto Mayor (PUAM).<\/p>\n<p>Aumento y bono ANSES: c\u00f3mo quedar\u00e1n los haberes de los jubilados en febrero<br \/>\nJunto con el aumento del 2,70% y el bono de $70.000, los titulares de jubilaciones y pensiones ANSES cobrar\u00e1n los siguientes montos:<\/p>\n<p>Jubilaciones y pensiones m\u00ednimas cobrar\u00e1n por el haber y el bono de $70.000: $343.086,50.<br \/>\nTitulares de pensiones no contributivas (PNC) percibir\u00e1n por el bono y el haber: $261.160,55<br \/>\nTitulares de la Prestaci\u00f3n Universal de Adultos Mayores (PUAM) cobrar\u00e1n por el haber y el bono de $70.000: $288.469,20.<\/p>\n<p>Calendario ANSES: las fechas de cobro de los jubilados y pensionados en febrero<br \/>\nJubilados y pensionados que no superen el haber m\u00ednimo: del lunes 10 al viernes 21 de febrero, seg\u00fan la terminaci\u00f3n del DNI.<br \/>\nJubilados y pensionados que superen el haber m\u00ednimo:: del lunes 24 al viernes 28 de febrero, seg\u00fan la finalizaci\u00f3n del documento.<br \/>\nBeneficiarios de las prestaciones no contributivas (PNC): del lunes 10 al viernes 14 de febrero, de acuerdo a la terminaci\u00f3n del DNI.<\/p>\n<p>&nbsp;<\/p>\n","protected":false},"excerpt":{"rendered":"<p>El Gobierno oficializ\u00f3 que pagar\u00e1 un bono de hasta $70.000 para jubilados y pensionados que cobran la m\u00ednima en febrero. El refuerzo que liquidar\u00e1 la ANSES se suma al aumento de 2,70% que surgi\u00f3 de la f\u00f3rmula de movilidad previsional impuesta por el DNU 274. As\u00ed, la jubilaci\u00f3n m\u00ednima m\u00e1s el bono alcanzar\u00e1 a $343.086,50 [&hellip;]<\/p>\n","protected":false},"author":2,"featured_media":24729,"comment_status":"open","ping_status":"open","sticky":false,"template":"","format":"standard","meta":{"footnotes":""},"categories":[65,64],"tags":[],"class_list":["post-28885","post","type-post","status-publish","format-standard","has-post-thumbnail","hentry","category-economia","category-nacionales"],"_links":{"self":[{"href":"https:\/\/radiosurfm.com\/web\/wp-json\/wp\/v2\/posts\/28885","targetHints":{"allow":["GET"]}}],"collection":[{"href":"https:\/\/radiosurfm.com\/web\/wp-json\/wp\/v2\/posts"}],"about":[{"href":"https:\/\/radiosurfm.com\/web\/wp-json\/wp\/v2\/types\/post"}],"author":[{"embeddable":true,"href":"https:\/\/radiosurfm.com\/web\/wp-json\/wp\/v2\/users\/2"}],"replies":[{"embeddable":true,"href":"https:\/\/radiosurfm.com\/web\/wp-json\/wp\/v2\/comments?post=28885"}],"version-history":[{"count":0,"href":"https:\/\/radiosurfm.com\/web\/wp-json\/wp\/v2\/posts\/28885\/revisions"}],"wp:featuredmedia":[{"embeddable":true,"href":"https:\/\/radiosurfm.com\/web\/wp-json\/wp\/v2\/media\/24729"}],"wp:attachment":[{"href":"https:\/\/radiosurfm.com\/web\/wp-json\/wp\/v2\/media?parent=28885"}],"wp:term":[{"taxonomy":"category","embeddable":true,"href":"https:\/\/radiosurfm.com\/web\/wp-json\/wp\/v2\/categories?post=28885"},{"taxonomy":"post_tag","embeddable":true,"href":"https:\/\/radiosurfm.com\/web\/wp-json\/wp\/v2\/tags?post=28885"}],"curies":[{"name":"wp","href":"https:\/\/api.w.org\/{rel}","templated":true}]}}