{"id":28939,"date":"2025-02-03T12:29:17","date_gmt":"2025-02-03T15:29:17","guid":{"rendered":"https:\/\/radiosurfm.com\/web\/?p=28939"},"modified":"2025-02-03T12:29:17","modified_gmt":"2025-02-03T15:29:17","slug":"este-martes-se-reanudarian-las-audiencias-leonardo-cositorto-pidio-una-reunion-con-javier-milei","status":"publish","type":"post","link":"https:\/\/radiosurfm.com\/web\/2025\/02\/03\/este-martes-se-reanudarian-las-audiencias-leonardo-cositorto-pidio-una-reunion-con-javier-milei\/","title":{"rendered":"Este martes se reanudar\u00edan las audiencias: Leonardo Cositorto pidi\u00f3 una reuni\u00f3n con Javier Milei"},"content":{"rendered":"<p>Este martes se reanuda el juicio que hab\u00eda comenzado en octubre en el Tribunal Oral Penal de Goya. El ex disertante y creador de Generaci\u00f3n Zoe cont\u00f3 en el video dado a conocer a trav\u00e9s del periodista Rafael Palacios que recibi\u00f3 por parte de la Comisi\u00f3n Nacional de Valores el fallo que indica que tanto Generaci\u00f3n Zoe, la Universidad del Trading y Leonardo Cositorto, su titular, \u201cpueden actuar sin ning\u00fan tipo de inconvenientes\u201d.<\/p>\n<p>Habl\u00f3 de \u201cdifamaci\u00f3n y operaciones medi\u00e1ticas que dec\u00edan que la Comisi\u00f3n Nacional de Valores le prohib\u00eda operar, lo que desencaden\u00f3 la corrida y el luego la medida de no disponer del dinero y los bienes\u201d.<\/p>\n<p>Cositorto record\u00f3 que est\u00e1 detenido desde el 4 de Abril del 2022 y que \u201ceste fallo del d\u00eda viernes pasado podr\u00eda dar un giro en la causa Generaci\u00f3n Zoe.<\/p>\n<p>El video fue grabado por el periodista de Goya Rafael Palacios, quien difundi\u00f3 el material y las im\u00e1genes a www.radiosudamericana.com.<\/p>\n","protected":false},"excerpt":{"rendered":"<p>Este martes se reanuda el juicio que hab\u00eda comenzado en octubre en el Tribunal Oral Penal de Goya. El ex disertante y creador de Generaci\u00f3n Zoe cont\u00f3 en el video dado a conocer a trav\u00e9s del periodista Rafael Palacios que recibi\u00f3 por parte de la Comisi\u00f3n Nacional de Valores el fallo que indica que tanto [&hellip;]<\/p>\n","protected":false},"author":2,"featured_media":26938,"comment_status":"open","ping_status":"open","sticky":false,"template":"","format":"standard","meta":{"footnotes":""},"categories":[56,68],"tags":[],"class_list":["post-28939","post","type-post","status-publish","format-standard","has-post-thumbnail","hentry","category-locales","category-policiales-nacionales"],"_links":{"self":[{"href":"https:\/\/radiosurfm.com\/web\/wp-json\/wp\/v2\/posts\/28939","targetHints":{"allow":["GET"]}}],"collection":[{"href":"https:\/\/radiosurfm.com\/web\/wp-json\/wp\/v2\/posts"}],"about":[{"href":"https:\/\/radiosurfm.com\/web\/wp-json\/wp\/v2\/types\/post"}],"author":[{"embeddable":true,"href":"https:\/\/radiosurfm.com\/web\/wp-json\/wp\/v2\/users\/2"}],"replies":[{"embeddable":true,"href":"https:\/\/radiosurfm.com\/web\/wp-json\/wp\/v2\/comments?post=28939"}],"version-history":[{"count":0,"href":"https:\/\/radiosurfm.com\/web\/wp-json\/wp\/v2\/posts\/28939\/revisions"}],"wp:featuredmedia":[{"embeddable":true,"href":"https:\/\/radiosurfm.com\/web\/wp-json\/wp\/v2\/media\/26938"}],"wp:attachment":[{"href":"https:\/\/radiosurfm.com\/web\/wp-json\/wp\/v2\/media?parent=28939"}],"wp:term":[{"taxonomy":"category","embeddable":true,"href":"https:\/\/radiosurfm.com\/web\/wp-json\/wp\/v2\/categories?post=28939"},{"taxonomy":"post_tag","embeddable":true,"href":"https:\/\/radiosurfm.com\/web\/wp-json\/wp\/v2\/tags?post=28939"}],"curies":[{"name":"wp","href":"https:\/\/api.w.org\/{rel}","templated":true}]}}