{"id":28959,"date":"2025-02-05T17:16:40","date_gmt":"2025-02-05T20:16:40","guid":{"rendered":"https:\/\/radiosurfm.com\/web\/?p=28959"},"modified":"2025-02-05T17:16:40","modified_gmt":"2025-02-05T20:16:40","slug":"mburucuya-vivira-a-pleno-su-56-edicion-del-festival-nacional-del-autentico-chamame-tradicional","status":"publish","type":"post","link":"https:\/\/radiosurfm.com\/web\/2025\/02\/05\/mburucuya-vivira-a-pleno-su-56-edicion-del-festival-nacional-del-autentico-chamame-tradicional\/","title":{"rendered":"Mburucuy\u00e1 vivir\u00e1 a pleno su 56 edici\u00f3n del Festival Nacional del Aut\u00e9ntico Chamam\u00e9 Tradicional"},"content":{"rendered":"<p>El evento que re\u00fane a los m\u00e1ximos exponentes del chamam\u00e9, tendr\u00e1 lugar del 7 al 9 de febrero en la localidad de Mburucuy\u00e1. Como es habitual, el evento que re\u00fane a\u00f1o tras a\u00f1o a cientos de miles de almas que vibran al son de la m\u00fasica y danza del Litoral argentino, se desarrollar\u00e1 en el anfiteatro Eustaquio Mi\u00f1o.<\/p>\n<p>Por lo tanto, algunos de los artistas m\u00e1s destacados para el festival ser\u00e1n Santiago \u00abBocha\u00bb Sheridan, Los Alonsitos, Los de Imaguar\u00e9, Los Bofill, Juancito G\u00fcenaga y su conjunto, entre otros.<\/p>\n<p><b>Esquina se prepara para vivir otro fin de semana de Carnaval<\/b><\/p>\n<p>Con el acompa\u00f1amiento del Ministerio de Turismo de Corrientes, los carnavales en Esquina ya son un cl\u00e1sico de la provincia de Corrientes. Cada a\u00f1o miles de personas disfrutan del desfile de diferentes comparsas.<\/p>\n<p>Es as\u00ed que la cita es para este s\u00e1bado 8 de febrero en Av. Mitre. Los ingresos son por Rivadavia y Mitre y el otro acceso por San Mart\u00edn y Mitre.<\/p>\n<p>Las comparsas que participan son: Car\u00fa Cur\u00e1, Yasi Ber\u00e1 y Yeroqu\u00ed Por\u00e1. Las comparsas infantiles Carucuracitos y Yasiberacitos. Y la actuaci\u00f3n musical del grupo Esquina Samba.<\/p>\n<p>Precios<\/p>\n<p>Las entradas tienen un valor de $5.000 pesos. Menores de 12 no pagan.<\/p>\n<p>Sillas y palcos: 1era fila $, 2da fila $, 3era fila $. Palcos $.<\/p>\n<p>Venta de entradas<\/p>\n<p>Las entradas se venden a partir de las 20 horas, en los siguientes puntos de venta.<\/p>\n<p>\u2013 Oficinas de Seguridad Vial en Plaza 25 de Mayo.<\/p>\n<p>&#8211; Turismo Aguara (Calle Rivadavia 635).<\/p>\n<p>&#8211; Venta online en: weepas.ar<\/p>\n","protected":false},"excerpt":{"rendered":"<p>El evento que re\u00fane a los m\u00e1ximos exponentes del chamam\u00e9, tendr\u00e1 lugar del 7 al 9 de febrero en la localidad de Mburucuy\u00e1. Como es habitual, el evento que re\u00fane a\u00f1o tras a\u00f1o a cientos de miles de almas que vibran al son de la m\u00fasica y danza del Litoral argentino, se desarrollar\u00e1 en el [&hellip;]<\/p>\n","protected":false},"author":2,"featured_media":28960,"comment_status":"open","ping_status":"open","sticky":false,"template":"","format":"standard","meta":{"footnotes":""},"categories":[67,72],"tags":[],"class_list":["post-28959","post","type-post","status-publish","format-standard","has-post-thumbnail","hentry","category-cultura","category-provinciales"],"_links":{"self":[{"href":"https:\/\/radiosurfm.com\/web\/wp-json\/wp\/v2\/posts\/28959","targetHints":{"allow":["GET"]}}],"collection":[{"href":"https:\/\/radiosurfm.com\/web\/wp-json\/wp\/v2\/posts"}],"about":[{"href":"https:\/\/radiosurfm.com\/web\/wp-json\/wp\/v2\/types\/post"}],"author":[{"embeddable":true,"href":"https:\/\/radiosurfm.com\/web\/wp-json\/wp\/v2\/users\/2"}],"replies":[{"embeddable":true,"href":"https:\/\/radiosurfm.com\/web\/wp-json\/wp\/v2\/comments?post=28959"}],"version-history":[{"count":0,"href":"https:\/\/radiosurfm.com\/web\/wp-json\/wp\/v2\/posts\/28959\/revisions"}],"wp:featuredmedia":[{"embeddable":true,"href":"https:\/\/radiosurfm.com\/web\/wp-json\/wp\/v2\/media\/28960"}],"wp:attachment":[{"href":"https:\/\/radiosurfm.com\/web\/wp-json\/wp\/v2\/media?parent=28959"}],"wp:term":[{"taxonomy":"category","embeddable":true,"href":"https:\/\/radiosurfm.com\/web\/wp-json\/wp\/v2\/categories?post=28959"},{"taxonomy":"post_tag","embeddable":true,"href":"https:\/\/radiosurfm.com\/web\/wp-json\/wp\/v2\/tags?post=28959"}],"curies":[{"name":"wp","href":"https:\/\/api.w.org\/{rel}","templated":true}]}}