{"id":28976,"date":"2025-02-05T18:00:48","date_gmt":"2025-02-05T21:00:48","guid":{"rendered":"https:\/\/radiosurfm.com\/web\/?p=28976"},"modified":"2025-02-05T18:00:48","modified_gmt":"2025-02-05T21:00:48","slug":"salio-la-segunda-temporada-de-envidiosa-en-netflix","status":"publish","type":"post","link":"https:\/\/radiosurfm.com\/web\/2025\/02\/05\/salio-la-segunda-temporada-de-envidiosa-en-netflix\/","title":{"rendered":"Sali\u00f3 la segunda temporada de &#8220;Envidiosa&#8221; en Netflix"},"content":{"rendered":"<p><i><b>Envidiosa<\/b><\/i>, la serie de<b>\u00a0Netflix\u00a0<\/b>protagonizada por<b>\u00a0Griselda Siciliani<\/b>, ya tiene su\u00a0<u><b>segunda temporada<\/b>\u00a0en la plataforma de\u00a0<i>streaming<\/i><\/u>. El\u00a0<b>estreno<\/b>\u00a0de este mi\u00e9rcoles 5 de febrero era uno de los m\u00e1s esperados por los fan\u00e1ticos de esta\u00a0<b>nueva\u00a0<i>coming of age<\/i><\/b>\u00a0con tri\u00e1ngulos amorosos y relaciones de amigas y madre-hijas que te dejan pensando en el sill\u00f3n un largo rato.<\/p>\n<p>A trav\u00e9s de las redes sociales, Che Netflix (la cuenta argentina de la empresa de entretenimiento) comparti\u00f3 un video promocional en el que Vicky (Siciliani) realiza un\u00a0<i>storytime<\/i>\u00a0(como dicen los influencers) o\u00a0<b>repaso<\/b>\u00a0<b>de sus \u00faltimos acontecimientos\u00a0<\/b>\u2014su nueva etapa de soltera, el enfrentamiento con su padre aband\u00f3nico, su tratamiento terap\u00e9utico, y m\u00e1s\u2014.<\/p>\n<p lang=\"x-size-15\" xml:lang=\"x-size-15\">Al final de la primera temporada de la serie, Vicky se encontr\u00f3 con un gran dilema: elegir entre Mat\u00edas (encarnado por\u00a0<b>Esteban Lamothe)<\/b>, su nuevo amor; y Dani (el comiqu\u00edsmo\u00a0<b>Mart\u00edn Garabal<\/b>), su ex decidido a recuperarla a cualquier costo.<\/p>\n<div id=\"ad-slot-video_inread\" class=\"ad-slot-video_inread ad-slot\" data-adtype=\"video_inread\" data-google-query-id=\"CIz49NO0rYsDFbqLYQYdbGAH-Q\">\n<div id=\"google_ads_iframe_\/349353471\/p12\/nota_video_inread_0__container__\"><iframe id=\"google_ads_iframe_\/349353471\/p12\/nota_video_inread_0\" tabindex=\"0\" title=\"3rd party ad content\" name=\"google_ads_iframe_\/349353471\/p12\/nota_video_inread_0\" width=\"1\" height=\"1\" frameborder=\"0\" marginwidth=\"0\" marginheight=\"0\" scrolling=\"no\" aria-label=\"Advertisement\" data-load-complete=\"true\" data-google-container-id=\"3\" data-mce-fragment=\"1\"><\/iframe><\/div>\n<\/div>\n<p lang=\"x-size-15\" xml:lang=\"x-size-15\">En esta oportunidad, seg\u00fan se aprecia en el adelanto que lanz\u00f3 la plataforma de streaming a mediados de enero, la protagonista se encuentra tironeada entre dos caminos posibles:<b>\u00a0casarse y construir un proyecto de familia con Dani<\/b>,<b>\u00a0o permitirse explorar un v\u00ednculo con Mat\u00edas<\/b>.<\/p>\n<div class=\"slot-available\"><\/div>\n<p lang=\"x-size-15\" xml:lang=\"x-size-15\">El elenco lo completan\u00a0<b>Benjam\u00edn Vicu\u00f1a<\/b>,\u00a0<b>Pilar Gamboa<\/b>,<b>\u00a0Violeta Urtizberea<\/b>,\u00a0<b>Marina Bellati<\/b>,\u00a0<b>B\u00e1rbara Lombardo<\/b>,\u00a0<b>Mart\u00edn Garabal<\/b>,\u00a0<b>D\u00e9bora Nishimoto\u00a0<\/b>y la participaci\u00f3n de\u00a0<b>Lorena Vega<\/b>. En esta segunda temporada se suman\u00a0<b>Gloria Carr\u00e1<\/b>,\u00a0<b>Agustina Su\u00e1squita<\/b>\u00a0(Papry) y J<b>os\u00e9 \u201cEl Purre\u201d Gim\u00e9nez Zapiola<\/b>.<\/p>\n<p lang=\"x-size-15\" xml:lang=\"x-size-15\">La primera entrega, que estren\u00f3 en Netflix el pasado 18 de septiembre, se convirti\u00f3 en un fen\u00f3meno en el pa\u00eds, posicion\u00e1ndose en el top 10 semanal de series en Argentina por nueve semanas, tres de ellas en el\u00a0<strong>puesto n\u00famero 1<\/strong>. Adem\u00e1s,\u00a0su cautivante trama caus\u00f3 una gran controversia\u00a0en redes sociales y programas de televisi\u00f3n y streaming.<\/p>\n<div class=\"slot-available\"><\/div>\n<p lang=\"x-size-15\" xml:lang=\"x-size-15\"><i>Envidiosa<\/i>\u00a0estuvo tambi\u00e9n en el\u00a0<b>top 10 de Netflix semanal global para series de habla no inglesa<\/b>\u00a0por cuatro semanas. Adem\u00e1s, alcanz\u00f3 el\u00a0<b>top 10 semanal de series en pa\u00edses como Uruguay, Bolivia, Chile, Paraguay, Panam\u00e1, Espa\u00f1a, Croacia, Hungr\u00eda e Israel<\/b>.<\/p>\n","protected":false},"excerpt":{"rendered":"<p>Envidiosa, la serie de\u00a0Netflix\u00a0protagonizada por\u00a0Griselda Siciliani, ya tiene su\u00a0segunda temporada\u00a0en la plataforma de\u00a0streaming. El\u00a0estreno\u00a0de este mi\u00e9rcoles 5 de febrero era uno de los m\u00e1s esperados por los fan\u00e1ticos de esta\u00a0nueva\u00a0coming of age\u00a0con tri\u00e1ngulos amorosos y relaciones de amigas y madre-hijas que te dejan pensando en el sill\u00f3n un largo rato. A trav\u00e9s de las redes [&hellip;]<\/p>\n","protected":false},"author":2,"featured_media":28977,"comment_status":"open","ping_status":"open","sticky":false,"template":"","format":"standard","meta":{"footnotes":""},"categories":[67,64],"tags":[],"class_list":["post-28976","post","type-post","status-publish","format-standard","has-post-thumbnail","hentry","category-cultura","category-nacionales"],"_links":{"self":[{"href":"https:\/\/radiosurfm.com\/web\/wp-json\/wp\/v2\/posts\/28976","targetHints":{"allow":["GET"]}}],"collection":[{"href":"https:\/\/radiosurfm.com\/web\/wp-json\/wp\/v2\/posts"}],"about":[{"href":"https:\/\/radiosurfm.com\/web\/wp-json\/wp\/v2\/types\/post"}],"author":[{"embeddable":true,"href":"https:\/\/radiosurfm.com\/web\/wp-json\/wp\/v2\/users\/2"}],"replies":[{"embeddable":true,"href":"https:\/\/radiosurfm.com\/web\/wp-json\/wp\/v2\/comments?post=28976"}],"version-history":[{"count":0,"href":"https:\/\/radiosurfm.com\/web\/wp-json\/wp\/v2\/posts\/28976\/revisions"}],"wp:featuredmedia":[{"embeddable":true,"href":"https:\/\/radiosurfm.com\/web\/wp-json\/wp\/v2\/media\/28977"}],"wp:attachment":[{"href":"https:\/\/radiosurfm.com\/web\/wp-json\/wp\/v2\/media?parent=28976"}],"wp:term":[{"taxonomy":"category","embeddable":true,"href":"https:\/\/radiosurfm.com\/web\/wp-json\/wp\/v2\/categories?post=28976"},{"taxonomy":"post_tag","embeddable":true,"href":"https:\/\/radiosurfm.com\/web\/wp-json\/wp\/v2\/tags?post=28976"}],"curies":[{"name":"wp","href":"https:\/\/api.w.org\/{rel}","templated":true}]}}