{"id":28979,"date":"2025-02-05T18:04:01","date_gmt":"2025-02-05T21:04:01","guid":{"rendered":"https:\/\/radiosurfm.com\/web\/?p=28979"},"modified":"2025-02-05T18:04:01","modified_gmt":"2025-02-05T21:04:01","slug":"la-agenda-de-la-que-milei-no-quiere-que-se-hable-general-motors-tambien-anuncia-despidos","status":"publish","type":"post","link":"https:\/\/radiosurfm.com\/web\/2025\/02\/05\/la-agenda-de-la-que-milei-no-quiere-que-se-hable-general-motors-tambien-anuncia-despidos\/","title":{"rendered":"La agenda de la que Milei no quiere que se hable: General Motors tambi\u00e9n anuncia despidos"},"content":{"rendered":"<p>La automotriz General Motors anunci\u00f3 un plan de 300 retiros voluntarios en la planta de la localidad santafesina de Alvear y se suma as\u00ed a la japonesa Nissan, que mantiene un plan de achique de personal en su planta de Santa Isabel, C\u00f3rdoba, por la ca\u00edda de la producci\u00f3n y las ventas en el mercado interno. El plan de retiros voluntarios de la empresa norteamericana busca reducir el personal de la planta a la mitad.<\/p>\n<p>El Sindicato de Mec\u00e1nicos\u00a0(SMATA) inici\u00f3 el martes asambleas y &#8220;quite de colaboraciones&#8221; en la planta cordobesa donde opera Nissan, para protesar contra la suspensi\u00f3n de 120 de sus 180 operarios. Un d\u00eda despu\u00e9s, las malas noticias para el gremio conducido por Ricardo Pignanelli llegan desde Santa Fe.<\/p>\n<div class=\"teads-adCall\"><\/div>\n<div id=\"talkFireEvent\"><\/div>\n<div id=\"ad-slot-video_inread\" class=\"ad-slot-video_inread ad-slot\" data-adtype=\"video_inread\" data-google-query-id=\"CKSr8Ia3rYsDFRsOuQYdOgoibA\">\n<div id=\"google_ads_iframe_\/349353471\/p12\/nota_video_inread_0__container__\"><iframe id=\"google_ads_iframe_\/349353471\/p12\/nota_video_inread_0\" tabindex=\"0\" title=\"3rd party ad content\" name=\"google_ads_iframe_\/349353471\/p12\/nota_video_inread_0\" width=\"1\" height=\"1\" frameborder=\"0\" marginwidth=\"0\" marginheight=\"0\" scrolling=\"no\" aria-label=\"Advertisement\" data-load-complete=\"true\" data-google-container-id=\"3\" data-mce-fragment=\"1\"><\/iframe><\/div>\n<\/div>\n<p>El plan de retiros voluntarios de General Motors comenz\u00f3 en enero con incentivos econ\u00f3micos para que los trabajadores adhirieran voluntariamente; pasado ese per\u00edodo ahora el plan tiene n\u00fameros concretos: el achique de 300 puestos de trabajo. En la planta de Alvear, la empresa produce su \u00fanico modelo nacional, la SUV Tracker de Chevrolet; pero el nivel de producci\u00f3n cay\u00f3 un 57 por ciento, de 21 unidades por d\u00eda a 12.<\/p>\n<div class=\"slot-available\"><\/div>\n<p>Desde Smata se\u00f1alaron que esperaban la decisi\u00f3n de Nissan de abandonar el pa\u00eds; una vez que este a\u00f1o finalice el acuerdo que mantiene con Renault para compartir la planta en C\u00f3rdoba. La empresa japonesa, que opera en el pa\u00eds desde 2010, podr\u00eda cerrar la producci\u00f3n local en diciembre para dedicarse a importar su producci\u00f3n desde M\u00e9xico.\u00a0 En la planta de C\u00f3rdoba, Nissan fabrica las pickups Nissan Frontier y el Renault Alaskan, y los modelos de autos Renault Logan, Sandero y Stepway. Esa actividad emplea a 600 peronas de forma directa y otros cientos de forma indirecta, a trav\u00e9s de las m\u00e1s de 30 pymes que le proveen materias primas a nivel regional.<\/p>\n<p>\u201cHay miles de rumores. Viendo todo este contexto que tenemos, hicimos una denuncia citando a Nissan. Porque las autopartistas tambi\u00e9n entran en crisis\u201d,\u00a0advirti\u00f3\u00a0el secretario general de SMATA C\u00f3rdoba, Maximiliano Ponce; sobre una situaci\u00f3n que ahora podr\u00eda replicarse en Santa Fe.<\/p>\n","protected":false},"excerpt":{"rendered":"<p>La automotriz General Motors anunci\u00f3 un plan de 300 retiros voluntarios en la planta de la localidad santafesina de Alvear y se suma as\u00ed a la japonesa Nissan, que mantiene un plan de achique de personal en su planta de Santa Isabel, C\u00f3rdoba, por la ca\u00edda de la producci\u00f3n y las ventas en el mercado [&hellip;]<\/p>\n","protected":false},"author":2,"featured_media":28980,"comment_status":"open","ping_status":"open","sticky":false,"template":"","format":"standard","meta":{"footnotes":""},"categories":[65,64],"tags":[],"class_list":["post-28979","post","type-post","status-publish","format-standard","has-post-thumbnail","hentry","category-economia","category-nacionales"],"_links":{"self":[{"href":"https:\/\/radiosurfm.com\/web\/wp-json\/wp\/v2\/posts\/28979","targetHints":{"allow":["GET"]}}],"collection":[{"href":"https:\/\/radiosurfm.com\/web\/wp-json\/wp\/v2\/posts"}],"about":[{"href":"https:\/\/radiosurfm.com\/web\/wp-json\/wp\/v2\/types\/post"}],"author":[{"embeddable":true,"href":"https:\/\/radiosurfm.com\/web\/wp-json\/wp\/v2\/users\/2"}],"replies":[{"embeddable":true,"href":"https:\/\/radiosurfm.com\/web\/wp-json\/wp\/v2\/comments?post=28979"}],"version-history":[{"count":0,"href":"https:\/\/radiosurfm.com\/web\/wp-json\/wp\/v2\/posts\/28979\/revisions"}],"wp:featuredmedia":[{"embeddable":true,"href":"https:\/\/radiosurfm.com\/web\/wp-json\/wp\/v2\/media\/28980"}],"wp:attachment":[{"href":"https:\/\/radiosurfm.com\/web\/wp-json\/wp\/v2\/media?parent=28979"}],"wp:term":[{"taxonomy":"category","embeddable":true,"href":"https:\/\/radiosurfm.com\/web\/wp-json\/wp\/v2\/categories?post=28979"},{"taxonomy":"post_tag","embeddable":true,"href":"https:\/\/radiosurfm.com\/web\/wp-json\/wp\/v2\/tags?post=28979"}],"curies":[{"name":"wp","href":"https:\/\/api.w.org\/{rel}","templated":true}]}}