{"id":28982,"date":"2025-02-05T18:06:31","date_gmt":"2025-02-05T21:06:31","guid":{"rendered":"https:\/\/radiosurfm.com\/web\/?p=28982"},"modified":"2025-02-05T18:06:31","modified_gmt":"2025-02-05T21:06:31","slug":"detuvieron-a-morena-rial-por-un-robo-en-san-isidro","status":"publish","type":"post","link":"https:\/\/radiosurfm.com\/web\/2025\/02\/05\/detuvieron-a-morena-rial-por-un-robo-en-san-isidro\/","title":{"rendered":"Detuvieron a Morena Rial por un robo en San Isidro"},"content":{"rendered":"<p><strong>Morena Rial\u00a0<\/strong>fue<b>\u00a0detenida\u00a0<\/b>en las \u00faltimas horas en el microcentro porte\u00f1o, tras una investigaci\u00f3n en la que la Justicia determin\u00f3 que\u00a0<strong>particip\u00f3 de un robo el 18 de enero pasado en Villa Adelina,<\/strong>\u00a0en el partido bonaerense de<strong>\u00a0San Isidro.<\/strong><\/p>\n<p><strong>La joven fue apresada a las 3:30 de la madrugada de este mi\u00e9rcoles<\/strong>\u00a0por personal policial de la Superintendencia de Seguridad Regi\u00f3n AMBA Norte I, en conjunto con efectivos de distintas delegaciones de la Polic\u00eda de San Isidro, en un hotel del centro porte\u00f1o, cerca de Cerrito y Lavalle<\/p>\n<p>Seg\u00fan el parte policial, la joven\u00a0<i>influencer\u00a0<\/i><strong>particip\u00f3 de un robo conocido como modalidad \u201cescruche\u201d<\/strong>\u00a0junto a otros c\u00f3mplices en Villa Adelina y fue captada por c\u00e1maras municipales y privadas luego de cometer el hecho il\u00edcito del que se investiga.<\/p>\n<p>Ese hecho fue denunciado por un hombre que indic\u00f3 que hab\u00edan ingresado a su vivienda de la calle Jos\u00e9 Mar\u00eda Moreno al 2000, violentando una ventana para robar varias de sus pertenencias. La identidad de los autores se pudo determinar por las c\u00e1maras.<\/p>\n<p><b>El 23 de enero,\u00a0<\/b>la hija de Jorge Rial hab\u00eda sido detenida en la localidad bonaerense de Mart\u00ednez junto a su beb\u00e9 de tres meses y un grupo de amigos, que fueron grabados mientras bajaban la t\u00e9rmica de una vivienda con la supuesta intenci\u00f3n de asaltarla por la noche.<\/p>\n<p><strong>Morena\u00a0<\/strong><strong>Rial fue trasladada a la Comuna 1B de la Ciudad Aut\u00f3noma de Buenos Aires.\u00a0<\/strong>En\u00a0el caso interviene fiscal Patricio Ferrari UFI Mart\u00ednez.<\/p>\n","protected":false},"excerpt":{"rendered":"<p>Morena Rial\u00a0fue\u00a0detenida\u00a0en las \u00faltimas horas en el microcentro porte\u00f1o, tras una investigaci\u00f3n en la que la Justicia determin\u00f3 que\u00a0particip\u00f3 de un robo el 18 de enero pasado en Villa Adelina,\u00a0en el partido bonaerense de\u00a0San Isidro. La joven fue apresada a las 3:30 de la madrugada de este mi\u00e9rcoles\u00a0por personal policial de la Superintendencia de Seguridad [&hellip;]<\/p>\n","protected":false},"author":2,"featured_media":28983,"comment_status":"open","ping_status":"open","sticky":false,"template":"","format":"standard","meta":{"footnotes":""},"categories":[64],"tags":[],"class_list":["post-28982","post","type-post","status-publish","format-standard","has-post-thumbnail","hentry","category-nacionales"],"_links":{"self":[{"href":"https:\/\/radiosurfm.com\/web\/wp-json\/wp\/v2\/posts\/28982","targetHints":{"allow":["GET"]}}],"collection":[{"href":"https:\/\/radiosurfm.com\/web\/wp-json\/wp\/v2\/posts"}],"about":[{"href":"https:\/\/radiosurfm.com\/web\/wp-json\/wp\/v2\/types\/post"}],"author":[{"embeddable":true,"href":"https:\/\/radiosurfm.com\/web\/wp-json\/wp\/v2\/users\/2"}],"replies":[{"embeddable":true,"href":"https:\/\/radiosurfm.com\/web\/wp-json\/wp\/v2\/comments?post=28982"}],"version-history":[{"count":0,"href":"https:\/\/radiosurfm.com\/web\/wp-json\/wp\/v2\/posts\/28982\/revisions"}],"wp:featuredmedia":[{"embeddable":true,"href":"https:\/\/radiosurfm.com\/web\/wp-json\/wp\/v2\/media\/28983"}],"wp:attachment":[{"href":"https:\/\/radiosurfm.com\/web\/wp-json\/wp\/v2\/media?parent=28982"}],"wp:term":[{"taxonomy":"category","embeddable":true,"href":"https:\/\/radiosurfm.com\/web\/wp-json\/wp\/v2\/categories?post=28982"},{"taxonomy":"post_tag","embeddable":true,"href":"https:\/\/radiosurfm.com\/web\/wp-json\/wp\/v2\/tags?post=28982"}],"curies":[{"name":"wp","href":"https:\/\/api.w.org\/{rel}","templated":true}]}}