{"id":28985,"date":"2025-02-05T18:10:00","date_gmt":"2025-02-05T21:10:00","guid":{"rendered":"https:\/\/radiosurfm.com\/web\/?p=28985"},"modified":"2025-02-05T18:10:00","modified_gmt":"2025-02-05T21:10:00","slug":"que-dijo-jorge-rial-tras-la-detencion-de-su-hija-morena","status":"publish","type":"post","link":"https:\/\/radiosurfm.com\/web\/2025\/02\/05\/que-dijo-jorge-rial-tras-la-detencion-de-su-hija-morena\/","title":{"rendered":"Qu\u00e9 dijo Jorge Rial tras la detenci\u00f3n de su hija Morena"},"content":{"rendered":"<p>El periodista<b>\u00a0Jorge Rial<\/b>\u00a0se pronunci\u00f3 este mi\u00e9rcoles sobre\u00a0la detenci\u00f3n de su hija de 25 a\u00f1os, Morena, acusada de robar una casa en Villa Adelina, en el partido bonaerense de San Isidro. Durante su programa radial, el medi\u00e1tico expres\u00f3: &#8220;<b>Lo que siento ahora es verg\u00fcenza<\/b>,\u00a0<b>dolor y preocupaci\u00f3n por mi nieto<\/b>.\u00a0<b>No hay un manual para ser padre<\/b>,<b>\u00a0hice todo lo que pude<\/b>&#8220;.<\/p>\n<p>La joven fue apresada a las 3:30 de la madrugada de este mi\u00e9rcoles en un hotel del centro porte\u00f1o, cerca de Cerrito y Lavalle, tras ser\u00a0<b>acusada de haber participado de un robo en una vivienda\u00a0<\/b>de esa localidad bonaerense junto a otros c\u00f3mplices el pasado 18 de enero.<\/p>\n<div class=\"slot-available\"><\/div>\n<p>En tanto, en medio de la pol\u00e9mica, el conductor radial se sincer\u00f3 sobre la dif\u00edcil relaci\u00f3n que mantiene con su hija, y reflexion\u00f3: &#8220;Ser padre no es f\u00e1cil. Intent\u00e9 darle lo mejor, me equivoqu\u00e9 y tambi\u00e9n acert\u00e9, pero<b>\u00a0ella tom\u00f3 sus propias decisiones y ahora tiene que hacerse cargo<\/b>&#8220;.<\/p>\n<div id=\"ad-slot-video_inread\" class=\"ad-slot-video_inread ad-slot\" data-adtype=\"video_inread\" data-google-query-id=\"CMO33daxrYsDFWNI3QIdZYIRZQ\">\n<div id=\"google_ads_iframe_\/349353471\/p12\/nota_video_inread_0__container__\"><iframe id=\"google_ads_iframe_\/349353471\/p12\/nota_video_inread_0\" tabindex=\"0\" title=\"3rd party ad content\" name=\"google_ads_iframe_\/349353471\/p12\/nota_video_inread_0\" width=\"1\" height=\"1\" frameborder=\"0\" marginwidth=\"0\" marginheight=\"0\" scrolling=\"no\" aria-label=\"Advertisement\" data-load-complete=\"true\" data-google-container-id=\"3\" data-mce-fragment=\"1\"><\/iframe><\/div>\n<\/div>\n<p>Por otra parte, Rial lament\u00f3 la exposici\u00f3n medi\u00e1tica del caso, por lo que pidi\u00f3 a su audiencia que se respetara su intimidad.&#8221;Se est\u00e1 hablando mucho, pero\u00a0<strong>esto es un tema judicial<\/strong>. Yo no tengo nada que ver, y no voy a intervenir.\u00a0<strong>No voy a mover un dedo<\/strong>&#8220;, asever\u00f3.<\/p>\n<div class=\"iframely-embed medium-embedded-content\" data-html=\"Jmx0O2RpdiZndDsmbHQ7ZGl2IHN0eWxlPSJsZWZ0OiAwOyB3aWR0aDogMTAwJTsgaGVpZ2h0OiAwOyBwb3NpdGlvbjogcmVsYXRpdmU7IHBhZGRpbmctYm90dG9tOiA1Ni40NTgzJTsiJmd0OyZsdDtpZnJhbWUgc3JjPSJodHRwczovL2lmcmFtZWx5LnBhZ2luYTEyLmNvbS5hci9hcGkvaWZyYW1lP2NsaWNrX3RvX3BsYXk9MSZhbXA7dXJsPWh0dHBzJTNBJTJGJTJGZ2VvLmRhaWx5bW90aW9uLmNvbSUyRnBsYXllciUyRnh0NWVlLmh0bWwlM0Z2aWRlbyUzRHg5ZGt2bjAmYW1wO2tleT00Njc2YjVmZGMwODMyNTdlYTg3ZjcxNjA4Yzc0ZTlmZSIgc3R5bGU9InRvcDogMDsgbGVmdDogMDsgd2lkdGg6IDEwMCU7IGhlaWdodDogMTAwJTsgcG9zaXRpb246IGFic29sdXRlOyBib3JkZXI6IDA7IiBhbGxvd2Z1bGxzY3JlZW4gc2Nyb2xsaW5nPSJubyIgYWxsb3c9ImVuY3J5cHRlZC1tZWRpYSAqOyImZ3Q7Jmx0Oy9pZnJhbWUmZ3Q7Jmx0Oy9kaXYmZ3Q7Jmx0Oy9kaXYmZ3Q7Jmx0O2RpdiBjbGFzcz0ibWVkaXVtLWluc2VydC1lbWJlZHMtbWV0YSImZ3Q7Jmx0O3NjcmlwdCB0eXBlPSJ0ZXh0L2pzb24iJmd0O3sidXJsIjoiaHR0cHM6Ly9nZW8uZGFpbHltb3Rpb24uY29tL3BsYXllci94dDVlZS5odG1sP3ZpZGVvPXg5ZGt2bjAiLCJ0eXBlIjoidmlkZW8iLCJ2ZXJzaW9uIjoiMS4wIiwidGl0bGUiOiJKb3JnZSBSaWFsIGhhYmzDsyBkZSBsYSBkZXRlbmNpw7NuIGRlIHN1IGhpamEiLCJhdXRob3IiOiJQw6FnaW5hMTIiLCJhdXRob3JfdXJsIjoiaHR0cHM6Ly93d3cuZGFpbHltb3Rpb24uY29tL1BhZ2luYTEyIiwicHJvdmlkZXJfbmFtZSI6IkRhaWx5bW90aW9uIiwiZGVzY3JpcHRpb24iOiJWZXIgSm9yZ2UgUmlhbCBoYWJsw7MgZGUgbGEgZGV0ZW5jacOzbiBkZSBzdSBoaWphIC0gUMOhZ2luYTEyIGVuIERhaWx5bW90aW9uIiwidGh1bWJuYWlsX3VybCI6Imh0dHBzOi8vczIuZG1jZG4ubmV0L3YvWG95dWkxZGV2cVFMMlQ5LWcveDcyMCIsInRodW1ibmFpbF93aWR0aCI6MTI4MCwidGh1bWJuYWlsX2hlaWdodCI6NzIwLCJjYWNoZV9hZ2UiOjg2NDAwfSZsdDsvc2NyaXB0Jmd0OyZsdDsvZGl2Jmd0Ow==\">\n<div class=\"iframely-embed\">\n<p>En la misma l\u00ednea, consider\u00f3 que &#8220;nunca&#8221; la dej\u00f3 &#8220;abandonada ni a la buena de Dios&#8221;, y asegur\u00f3 que\u00a0<b>siempre intent\u00f3<\/b>\u00a0&#8220;<b>monitorear y tratar de cambiarle (a Morena) esa actitud<\/b>&#8220;.<\/p>\n<p>&#8220;Fui v\u00edctima tambi\u00e9n en un momento de estas actitudes marginales de mi hija&#8221;, reconoci\u00f3 Rial, y aclar\u00f3: &#8220;La amo porque es mi hija, y seguramente la voy a seguir apoyando, pero no en esto.\u00a0<b>No voy a justificarla bajo ning\u00fan punto de vista<\/b>&#8220;.<\/p>\n<p>El periodista se\u00f1al\u00f3 durante la anterior detenci\u00f3n de Morena, ocurrida a fines de enero, \u00e9l se encontraba en M\u00e9xico. &#8220;<b>La pas\u00e9 mal en ese momento<\/b>. Obviamente, estuve al tanto absolutamente de todo, habl\u00e9 con todo el mundo, m\u00e1s que nada para saber la situaci\u00f3n de mi nieto. Lo \u00fanico que puedo decir es eso&#8221;, espet\u00f3.<\/p>\n<div class=\"slot-available\"><\/div>\n<p>\u201c<strong>Con Morena claro que lo hablamos<\/strong>,<strong>\u00a0claro que le ped\u00ed explicaciones y me las dio<\/strong>.\u00a0<strong>No voy a contar si le cre\u00ed o no le cre\u00ed<\/strong>. Yo conozco todo lo que pas\u00f3 porque habl\u00e9 con el fiscal, habl\u00e9 con la gente y me contaron todo lo que pas\u00f3.\u00a0<b>No me gusta ver mi apellido metido en eso y no me gusta ver a mi hija metida en esas cosas<\/b>\u201d, sostuvo el periodista al preguntarle si mantuvo comunicaci\u00f3n con su hija.<\/p>\n<p>\u201cLamentablemente,\u00a0<b>ella toma decisiones como adulta<\/b>, mayor que es, y\u00a0<b>se tiene que hacer responsable de las decisiones que se toma ella<\/b>, y punto. Yo lo sufro como padre, y sobre todo sufro mucho ver a mi nieto involucrado indirectamente en una situaci\u00f3n que puso en riesgo su vida.\u00a0<strong>La verdad, no me gust\u00f3, la pas\u00e9 muy mal<\/strong>\u201d, continu\u00f3.<\/p>\n<p>Rial fue contundente en aquel momento al referirse al caso de la Justicia que involucra a su hija, asegurando que solo le interesa su nieto: \u201cMi \u00fanica preocupaci\u00f3n en ese momento, era mi nieto.<strong>\u00a0Morena es grande y se tiene que hacer cargo de lo que hace<\/strong>\u201d.<\/p>\n<div class=\"slot-available\"><\/div>\n<p>\u201cNo me tiene que pedir disculpas, a m\u00ed no me afecta. Me parece que\u00a0<strong>lo que tiene que hacer es reflexionar y cambiar de vida.\u00a0<\/strong>Ojal\u00e1 que pueda hacerlo. Ella dice que lo va a hacer y ojal\u00e1 sea as\u00ed. Yo hice lo que pude y, obviamente,\u00a0<strong>adem\u00e1s de verg\u00fcenza, siento responsabilidad<\/strong>\u201d, analiz\u00f3.<\/p>\n<h2>\u00bfQu\u00e9 hizo Morena Rial?<\/h2>\n<p><b>Morena Rial fue detenida por segunda vez<\/b>\u00a0este mi\u00e9rcoles por personal policial de la Superintendencia de Seguridad Regi\u00f3n AMBA Norte I, en conjunto con efectivos de distintas delegaciones de la Polic\u00eda de San Isidro. Se la acusa de haber participado de un robo \u2014conocido como modalidad \u201c<b>escruche<\/b>\u201d\u2014 junto a otros c\u00f3mplices en ese barrio bonaerense el<b>\u00a018 de enero pasado<\/b>.<\/p>\n<div class=\"slot-available\"><\/div>\n<p>De acuerdo con la investigaci\u00f3n,\u00a0<b>la\u00a0<i>influencer<\/i>\u00a0fue captada por c\u00e1maras municipales y privadas luego de cometer el hecho il\u00edcito<\/b>.<\/p>\n<p>Ese hecho fue denunciado por un hombre que indic\u00f3 que<b>\u00a0hab\u00edan ingresado a su vivienda de la calle Jos\u00e9 Mar\u00eda Moreno al 2000<\/b>, violentando una ventana para robar varias de sus pertenencias.\u00a0<b>La identidad de los autores se pudo determinar por las c\u00e1maras<\/b>.<\/p>\n<p><strong>La joven fue trasladada a la Comuna 1B de la Ciudad Aut\u00f3noma de Buenos Aires<\/strong>. Seg\u00fan su padre, ser\u00e1 trasladada &#8220;a la provincia de Buenos Aires, que es donde se cometieron los delitos&#8221;. En el caso interviene fiscal\u00a0<b>Patricio Ferrari<\/b>\u00a0UFI Mart\u00ednez.<\/p>\n<div class=\"slot-available\"><\/div>\n<p>D\u00edas previos, el 23 de enero, la hija de Jorge Rial\u00a0<b>hab\u00eda sido detenida en la localidad bonaerense de Mart\u00ednez junto a su beb\u00e9 de tres meses y un grupo de amigos<\/b>, que fueron grabados mientras bajaban la t\u00e9rmica de una vivienda con la supuesta intenci\u00f3n de asaltarla por la noche.<\/p>\n<\/div>\n<\/div>\n","protected":false},"excerpt":{"rendered":"<p>El periodista\u00a0Jorge Rial\u00a0se pronunci\u00f3 este mi\u00e9rcoles sobre\u00a0la detenci\u00f3n de su hija de 25 a\u00f1os, Morena, acusada de robar una casa en Villa Adelina, en el partido bonaerense de San Isidro. Durante su programa radial, el medi\u00e1tico expres\u00f3: &#8220;Lo que siento ahora es verg\u00fcenza,\u00a0dolor y preocupaci\u00f3n por mi nieto.\u00a0No hay un manual para ser padre,\u00a0hice todo [&hellip;]<\/p>\n","protected":false},"author":2,"featured_media":28986,"comment_status":"open","ping_status":"open","sticky":false,"template":"","format":"standard","meta":{"footnotes":""},"categories":[64],"tags":[],"class_list":["post-28985","post","type-post","status-publish","format-standard","has-post-thumbnail","hentry","category-nacionales"],"_links":{"self":[{"href":"https:\/\/radiosurfm.com\/web\/wp-json\/wp\/v2\/posts\/28985","targetHints":{"allow":["GET"]}}],"collection":[{"href":"https:\/\/radiosurfm.com\/web\/wp-json\/wp\/v2\/posts"}],"about":[{"href":"https:\/\/radiosurfm.com\/web\/wp-json\/wp\/v2\/types\/post"}],"author":[{"embeddable":true,"href":"https:\/\/radiosurfm.com\/web\/wp-json\/wp\/v2\/users\/2"}],"replies":[{"embeddable":true,"href":"https:\/\/radiosurfm.com\/web\/wp-json\/wp\/v2\/comments?post=28985"}],"version-history":[{"count":0,"href":"https:\/\/radiosurfm.com\/web\/wp-json\/wp\/v2\/posts\/28985\/revisions"}],"wp:featuredmedia":[{"embeddable":true,"href":"https:\/\/radiosurfm.com\/web\/wp-json\/wp\/v2\/media\/28986"}],"wp:attachment":[{"href":"https:\/\/radiosurfm.com\/web\/wp-json\/wp\/v2\/media?parent=28985"}],"wp:term":[{"taxonomy":"category","embeddable":true,"href":"https:\/\/radiosurfm.com\/web\/wp-json\/wp\/v2\/categories?post=28985"},{"taxonomy":"post_tag","embeddable":true,"href":"https:\/\/radiosurfm.com\/web\/wp-json\/wp\/v2\/tags?post=28985"}],"curies":[{"name":"wp","href":"https:\/\/api.w.org\/{rel}","templated":true}]}}