{"id":28988,"date":"2025-02-05T18:13:16","date_gmt":"2025-02-05T21:13:16","guid":{"rendered":"https:\/\/radiosurfm.com\/web\/?p=28988"},"modified":"2025-02-05T18:13:16","modified_gmt":"2025-02-05T21:13:16","slug":"milei-decidio-retirar-a-argentina-de-la-organizacion-mundial-de-la-salud","status":"publish","type":"post","link":"https:\/\/radiosurfm.com\/web\/2025\/02\/05\/milei-decidio-retirar-a-argentina-de-la-organizacion-mundial-de-la-salud\/","title":{"rendered":"Milei decidi\u00f3 retirar a Argentina de la Organizaci\u00f3n Mundial de la Salud"},"content":{"rendered":"<p>Con el argumento de una presunta \u201csoberan\u00eda sanitaria\u201d,\u00a0<b>el gobierno de Javier Milei retir\u00f3 a la Argentina de su participaci\u00f3n en la Organizaci\u00f3n Mundial de la Salud (OMS)<\/b>, el organismo internacional encargado de la promoci\u00f3n y coordinaci\u00f3n de planes y programas de cobertura sanitaria. El Presidente celebr\u00f3 la medida en sus redes sociales y responsabiliz\u00f3 a la OMS de ser &#8220;ide\u00f3logos de la cuarentena cavern\u00edcola&#8221; que se utiliz\u00f3 para salvar vidas durante la pandemia de coronavirus.<\/p>\n<p>Seg\u00fan la administraci\u00f3n de La Libertad Avanza (LLA), la decisi\u00f3n le dar\u00e1 al pa\u00eds \u201cm\u00e1s flexibilidad para adoptar pol\u00edticas\u201d en materia de salud, una capacidad que en rigor nunca perdi\u00f3 por pertenecer a esa organizaci\u00f3n.<\/p>\n<p>Los argumentos de la medida fueron dados por el vocero Manuel Adorni durante su habitual conferencia en Casa de Gobierno y fueron de lo m\u00e1s l\u00e1biles. \u201cNo vamos a permitir que un organismo internacional intervenga en nuestra soberan\u00eda, mucho menos en nuestra salud\u201d, dijo sin aclarar que\u00a0<b>la OMS no interviene en las pol\u00edticas de sus estados miembros<\/b>\u00a0sino que, en todo caso, hace recomendaciones que quedan a criterio de los gobiernos de turno.<\/p>\n<p>En X (ex Twitter), Milei apunt\u00f3 que el organismo internacional fue uno de los &#8220;ide\u00f3logos de la cuarentena cavern\u00edcola&#8221; durante la pandemia de coronavirus, medida que consider\u00f3 como &#8220;delito de lesa humanidad&#8221;. &#8220;Por eso hemos decidido salir de un organismo tan nefasto y que fue el brazo ejecutor de lo que fue el mayor experimento de control social de la historia&#8221;, bram\u00f3.<\/p>\n<p>La decisi\u00f3n fue tomada\u00a0<b>en sinton\u00eda con la postura de la Casa Blanca\u00a0<\/b>respecto de algunos organismos de las Naciones Unidas y un d\u00eda despu\u00e9s de que el presidente Donald Trump anunciara formalmente el retiro de Estados Unidos del Consejo de Derechos Humanos de la ONU.<\/p>\n<p>Durante su conferencia, el vocero Adorni indic\u00f3 que el presidente Milei instruy\u00f3 a la Canciller\u00eda para retirar a la Argentina de la Organizaci\u00f3n Mundial de la Salud debido a \u201cprofundas diferencias\u201d con sus pol\u00edticas y sugiriendo, adem\u00e1s, la presunta ineficacia de algunas de sus pol\u00edticas.<\/p>\n<div class=\"slot-available\"><\/div>\n<p>Por ejemplo, cit\u00f3 la gesti\u00f3n sanitaria de esa organizaci\u00f3n \u201cespecialmente en la pandemia (de Covid-19), que junto con el gobierno de Alberto Fern\u00e1ndez nos llevaron al encierro m\u00e1s largo de la historia de la humanidad\u201d.<\/p>\n<p>Luego aclar\u00f3 que la Argentina \u201cno recibe financiamiento\u201d por parte de la OMS, y explic\u00f3 que \u201cpor lo tanto (su retiro) no representa la p\u00e9rdida de fondos ni afecta calidad de los servicios\u201d que presta el Estado nacional.<\/p>\n<p>\u201cEs m\u00e1s \u2013agreg\u00f3-, le da al pa\u00eds m\u00e1s flexibilidad para adoptar pol\u00edticas y reafirma el camino de soberan\u00eda en salud\u201d. \u201cLas decisiones en la Argentina la toman los argentinos\u201d, remarc\u00f3.<\/p>\n<div class=\"slot-available\"><\/div>\n<p><b>La Argentina es uno de los 194 estados miembro de la OMS\u00a0<\/b>y por su calidad de pol\u00edticas sanitarias p\u00fablicas y participaci\u00f3n hist\u00f3rica\u00a0<b>es integrante del Consejo Ejecutivo<\/b>\u00a0de ese organismo. Particip\u00f3 en la toma de decisiones, innumerables investigaciones y programa de ayuda en decenas de pa\u00edses.<\/p>\n<p>Por lo tanto, su retiro es un<b>\u00a0duro rev\u00e9s para la pol\u00edtica sanitarista nacional<\/b>\u00a0pero es parte de una decisi\u00f3n tomada desde hace meses y que fue ratificada luego de que el gobierno nacional hiciera fracasar las reuniones que las autoridades de la OMS le solicitaron, en el marco de la \u00faltima reuni\u00f3n del G-20.<\/p>\n<p>La decisi\u00f3n del gobierno ultraderechista de LLA\u00a0<b>es una idea que se estudi\u00f3 desde hace tiempo<\/b>\u00a0y que cobr\u00f3 vigor en las \u00faltimas horas con los recientes anuncios de Donald Trump, quien antes de volver a la Casa Blanca calific\u00f3 de \u201cmala\u201d a la gesti\u00f3n de la OMS durante la pandemia. El mismo argumento que acompa\u00f1\u00f3 el anuncio hecho hoy en Casa Rosada.<\/p>\n<div class=\"slot-available\"><\/div>\n<p><b>Adorni no descart\u00f3 que Javier Milei decida retirarse de otros organismos internacionales<\/b>\u00a0pero aclar\u00f3 que, por ahora, \u201cla \u00fanica instrucci\u00f3n del Presidente\u201d al canciller Werthein fue iniciar los tr\u00e1mites formales para la salida de la OMS.<\/p>\n<p>\u201cEl Presidente es muy tajante con respecto a hacer m\u00e1s libre a la Argentina, as\u00ed que toda vinculaci\u00f3n que tenga la Argentina con organismos que vayan en contra de las libertades vamos a hacer lo posible para que no interfieran en la vida de los argentinos\u201d, concluy\u00f3 el vocero sin aclarar si con sus dichos tambi\u00e9n se refer\u00eda a los organismos internacionales que rigen la econom\u00eda -como el Fondo Monetario Internacional- y que condicionan las pol\u00edticas econ\u00f3micas de sus pa\u00edses miembros, por ejemplo la Argentina.<\/p>\n","protected":false},"excerpt":{"rendered":"<p>Con el argumento de una presunta \u201csoberan\u00eda sanitaria\u201d,\u00a0el gobierno de Javier Milei retir\u00f3 a la Argentina de su participaci\u00f3n en la Organizaci\u00f3n Mundial de la Salud (OMS), el organismo internacional encargado de la promoci\u00f3n y coordinaci\u00f3n de planes y programas de cobertura sanitaria. El Presidente celebr\u00f3 la medida en sus redes sociales y responsabiliz\u00f3 a [&hellip;]<\/p>\n","protected":false},"author":2,"featured_media":23174,"comment_status":"open","ping_status":"open","sticky":false,"template":"","format":"standard","meta":{"footnotes":""},"categories":[64,66],"tags":[],"class_list":["post-28988","post","type-post","status-publish","format-standard","has-post-thumbnail","hentry","category-nacionales","category-politica-nacionales"],"_links":{"self":[{"href":"https:\/\/radiosurfm.com\/web\/wp-json\/wp\/v2\/posts\/28988","targetHints":{"allow":["GET"]}}],"collection":[{"href":"https:\/\/radiosurfm.com\/web\/wp-json\/wp\/v2\/posts"}],"about":[{"href":"https:\/\/radiosurfm.com\/web\/wp-json\/wp\/v2\/types\/post"}],"author":[{"embeddable":true,"href":"https:\/\/radiosurfm.com\/web\/wp-json\/wp\/v2\/users\/2"}],"replies":[{"embeddable":true,"href":"https:\/\/radiosurfm.com\/web\/wp-json\/wp\/v2\/comments?post=28988"}],"version-history":[{"count":0,"href":"https:\/\/radiosurfm.com\/web\/wp-json\/wp\/v2\/posts\/28988\/revisions"}],"wp:featuredmedia":[{"embeddable":true,"href":"https:\/\/radiosurfm.com\/web\/wp-json\/wp\/v2\/media\/23174"}],"wp:attachment":[{"href":"https:\/\/radiosurfm.com\/web\/wp-json\/wp\/v2\/media?parent=28988"}],"wp:term":[{"taxonomy":"category","embeddable":true,"href":"https:\/\/radiosurfm.com\/web\/wp-json\/wp\/v2\/categories?post=28988"},{"taxonomy":"post_tag","embeddable":true,"href":"https:\/\/radiosurfm.com\/web\/wp-json\/wp\/v2\/tags?post=28988"}],"curies":[{"name":"wp","href":"https:\/\/api.w.org\/{rel}","templated":true}]}}