{"id":28998,"date":"2025-02-06T12:03:29","date_gmt":"2025-02-06T15:03:29","guid":{"rendered":"https:\/\/radiosurfm.com\/web\/?p=28998"},"modified":"2025-02-06T12:03:29","modified_gmt":"2025-02-06T15:03:29","slug":"la-ucr-repudio-la-salida-de-argentina-de-la-oms-es-parte-del-desmantelamiento-de-la-salud-publica","status":"publish","type":"post","link":"https:\/\/radiosurfm.com\/web\/2025\/02\/06\/la-ucr-repudio-la-salida-de-argentina-de-la-oms-es-parte-del-desmantelamiento-de-la-salud-publica\/","title":{"rendered":"La UCR repudi\u00f3 la salida de Argentina de la OMS: &#8220;es parte del desmantelamiento de la salud p\u00fablica&#8221;"},"content":{"rendered":"<p>A trav\u00e9s de un comunicado expresado en redes sociales, la Uni\u00f3n C\u00edvica Radical (UCR) critic\u00f3 y repudi\u00f3 la decisi\u00f3n del Gobierno de retirar a Argentina de la Organizaci\u00f3n Mundial de la Salud (OMS).<\/p>\n<p>&#8220;La Uni\u00f3n C\u00edvica Radical repudia la decisi\u00f3n del gobierno nacional de abandonar la Organizaci\u00f3n Mundial de la Salud y exige que el Congreso Nacional trate en forma urgente este tema porque las relaciones internacionales de la Argentina y la salud p\u00fablica no pueden depender del dogmatismo ideol\u00f3gico del presidente&#8221;, reza el escrito en su inicio.<\/p>\n<p>Los radicales afirman que &#8220;el objetivo&#8221; de Milei &#8220;es que la salud deje de ser un derecho para todos los argentinos&#8221;.<\/p>\n<p>&#8220;Esta decisi\u00f3n tiene un contexto de abandonon para las pol\u00edticas p\u00fablicas de salud que sufren los sectores m\u00e1s pobres de nuestra sociedad&#8221;, agregaron.<\/p>\n<p>Adem\u00e1s, afirmaron: &#8220;alejarse de \u00f3rganos de coordinaci\u00f3n como la OMS donde se generan debates y compromisos, es parte del mismo programa&#8221; y que &#8220;el gobierno avanza en un modelo de mercantilizaci\u00f3n de la salud&#8221;.<\/p>\n<p>&#8220;El presidente Milei decide abandonar un organismo de 77 a\u00f1os de existencia que tiene programas en nuestro pa\u00eds que se dedican a temas de salud vitales para la poblaci\u00f3n. Es imperioso que decisiones como estas se debatan en el Congreso con los representantes de las provincias y con el aporte de especialistas&#8221;, cerraron.<\/p>\n<p>&nbsp;<\/p>\n","protected":false},"excerpt":{"rendered":"<p>A trav\u00e9s de un comunicado expresado en redes sociales, la Uni\u00f3n C\u00edvica Radical (UCR) critic\u00f3 y repudi\u00f3 la decisi\u00f3n del Gobierno de retirar a Argentina de la Organizaci\u00f3n Mundial de la Salud (OMS). &#8220;La Uni\u00f3n C\u00edvica Radical repudia la decisi\u00f3n del gobierno nacional de abandonar la Organizaci\u00f3n Mundial de la Salud y exige que el [&hellip;]<\/p>\n","protected":false},"author":2,"featured_media":28999,"comment_status":"open","ping_status":"open","sticky":false,"template":"","format":"standard","meta":{"footnotes":""},"categories":[64,66],"tags":[],"class_list":["post-28998","post","type-post","status-publish","format-standard","has-post-thumbnail","hentry","category-nacionales","category-politica-nacionales"],"_links":{"self":[{"href":"https:\/\/radiosurfm.com\/web\/wp-json\/wp\/v2\/posts\/28998","targetHints":{"allow":["GET"]}}],"collection":[{"href":"https:\/\/radiosurfm.com\/web\/wp-json\/wp\/v2\/posts"}],"about":[{"href":"https:\/\/radiosurfm.com\/web\/wp-json\/wp\/v2\/types\/post"}],"author":[{"embeddable":true,"href":"https:\/\/radiosurfm.com\/web\/wp-json\/wp\/v2\/users\/2"}],"replies":[{"embeddable":true,"href":"https:\/\/radiosurfm.com\/web\/wp-json\/wp\/v2\/comments?post=28998"}],"version-history":[{"count":0,"href":"https:\/\/radiosurfm.com\/web\/wp-json\/wp\/v2\/posts\/28998\/revisions"}],"wp:featuredmedia":[{"embeddable":true,"href":"https:\/\/radiosurfm.com\/web\/wp-json\/wp\/v2\/media\/28999"}],"wp:attachment":[{"href":"https:\/\/radiosurfm.com\/web\/wp-json\/wp\/v2\/media?parent=28998"}],"wp:term":[{"taxonomy":"category","embeddable":true,"href":"https:\/\/radiosurfm.com\/web\/wp-json\/wp\/v2\/categories?post=28998"},{"taxonomy":"post_tag","embeddable":true,"href":"https:\/\/radiosurfm.com\/web\/wp-json\/wp\/v2\/tags?post=28998"}],"curies":[{"name":"wp","href":"https:\/\/api.w.org\/{rel}","templated":true}]}}