{"id":29006,"date":"2025-02-06T12:32:13","date_gmt":"2025-02-06T15:32:13","guid":{"rendered":"https:\/\/radiosurfm.com\/web\/?p=29006"},"modified":"2025-02-06T12:32:13","modified_gmt":"2025-02-06T15:32:13","slug":"incendios-en-corrientes-hay-tres-localidades-con-focos-activos","status":"publish","type":"post","link":"https:\/\/radiosurfm.com\/web\/2025\/02\/06\/incendios-en-corrientes-hay-tres-localidades-con-focos-activos\/","title":{"rendered":"Incendios en Corrientes: hay tres localidades con focos activos"},"content":{"rendered":"<p>El coordinador del Comando Operativo de Emergencias de Corrientes, Bruno Lovinson, inform\u00f3 que durante este jueves fueron desactivados focos de incendios y otros contin\u00faan con labores de control.<\/p>\n<p>Lovinson dio cuenta de que dos aviones hidrantes, bomberos voluntarios y brigadas de incendios se encuentran enfrentando el fuego en zonas rurales de La Cruz, Estaci\u00f3n Solari y Mantilla. Asimismo, el funcionario precis\u00f3 que ya fueron desactivados dos focos \u00edgneos en Gobernador Mart\u00ednez y Perugorr\u00eda.<\/p>\n<p>El titular del COE, detall\u00f3 que se registra un incendio forestal sobre una plantaci\u00f3n de pino en Loma Alta, zona de los Tres Cerros, en la localidad de La Cruz. En el lugar trabajan coordinadamente bomberos voluntarios, brigadas de incendios y un helic\u00f3ptero del Sistema nacional de manejo del fuego. \u201cLa situaci\u00f3n aqu\u00ed es compleja porque a\u00fan el foco est\u00e1 activo\u201d, manifest\u00f3 Lovinson.<\/p>\n<p>Tambi\u00e9n inform\u00f3 sobre llamas de grandes magnitudes en Estaci\u00f3n Solari, desde este lunes. Aqupi ya fueron afectadas m\u00e1s de 20 mil ha. Aqu\u00ed intervienen Brigadas de Refuerzo en Incendios Forestales, bomberos voluntarios, dos aviones del Sistema nacional del manejo del fuego, m\u00e1s la log\u00edstica de Vialidad provincial, Polic\u00eda de Corrientes, Salud p\u00fablica, municipio de Mercedes, como as\u00ed tambi\u00e9n de Curuz\u00fa Cuati\u00e1.<\/p>\n<p>Defensa Civil inform\u00f3 sobre otro incendio en una plantaci\u00f3n de eucaliptus en Mantilla desde el mi\u00e9rcoles, donde se encuentran trabajando bomberos de 9 de Julio, Chavarr\u00eda y \u00a0Mantilla, y brigada de incendios de Bella Vista, Saladas y Santa Rosa.<\/p>\n<p>Finalmente, Lovinson inform\u00f3 que se registraron focos en las localidades de Gobernador Mart\u00ednez y Perugorr\u00eda, pero han sido desactivados por la r\u00e1pida acci\u00f3n de las distintas \u00e1reas e instituciones.<\/p>\n<p>&nbsp;<\/p>\n","protected":false},"excerpt":{"rendered":"<p>El coordinador del Comando Operativo de Emergencias de Corrientes, Bruno Lovinson, inform\u00f3 que durante este jueves fueron desactivados focos de incendios y otros contin\u00faan con labores de control. Lovinson dio cuenta de que dos aviones hidrantes, bomberos voluntarios y brigadas de incendios se encuentran enfrentando el fuego en zonas rurales de La Cruz, Estaci\u00f3n Solari [&hellip;]<\/p>\n","protected":false},"author":2,"featured_media":29007,"comment_status":"open","ping_status":"open","sticky":false,"template":"","format":"standard","meta":{"footnotes":""},"categories":[72],"tags":[],"class_list":["post-29006","post","type-post","status-publish","format-standard","has-post-thumbnail","hentry","category-provinciales"],"_links":{"self":[{"href":"https:\/\/radiosurfm.com\/web\/wp-json\/wp\/v2\/posts\/29006","targetHints":{"allow":["GET"]}}],"collection":[{"href":"https:\/\/radiosurfm.com\/web\/wp-json\/wp\/v2\/posts"}],"about":[{"href":"https:\/\/radiosurfm.com\/web\/wp-json\/wp\/v2\/types\/post"}],"author":[{"embeddable":true,"href":"https:\/\/radiosurfm.com\/web\/wp-json\/wp\/v2\/users\/2"}],"replies":[{"embeddable":true,"href":"https:\/\/radiosurfm.com\/web\/wp-json\/wp\/v2\/comments?post=29006"}],"version-history":[{"count":0,"href":"https:\/\/radiosurfm.com\/web\/wp-json\/wp\/v2\/posts\/29006\/revisions"}],"wp:featuredmedia":[{"embeddable":true,"href":"https:\/\/radiosurfm.com\/web\/wp-json\/wp\/v2\/media\/29007"}],"wp:attachment":[{"href":"https:\/\/radiosurfm.com\/web\/wp-json\/wp\/v2\/media?parent=29006"}],"wp:term":[{"taxonomy":"category","embeddable":true,"href":"https:\/\/radiosurfm.com\/web\/wp-json\/wp\/v2\/categories?post=29006"},{"taxonomy":"post_tag","embeddable":true,"href":"https:\/\/radiosurfm.com\/web\/wp-json\/wp\/v2\/tags?post=29006"}],"curies":[{"name":"wp","href":"https:\/\/api.w.org\/{rel}","templated":true}]}}