{"id":29039,"date":"2025-02-08T16:03:16","date_gmt":"2025-02-08T19:03:16","guid":{"rendered":"https:\/\/radiosurfm.com\/web\/?p=29039"},"modified":"2025-02-08T16:03:16","modified_gmt":"2025-02-08T19:03:16","slug":"la-impactante-cantidad-de-hectareas-arrasadas-por-el-fuego-en-corrientes","status":"publish","type":"post","link":"https:\/\/radiosurfm.com\/web\/2025\/02\/08\/la-impactante-cantidad-de-hectareas-arrasadas-por-el-fuego-en-corrientes\/","title":{"rendered":"La impactante cantidad de hect\u00e1reas arrasadas por el fuego en Corrientes"},"content":{"rendered":"<p>De acuerdo a la informaci\u00f3n que maneja la Sociedad Rural, &#8220;los incendios forestales en Corrientes ya han consumido m\u00e1s de 25.000 hect\u00e1reas&#8221; en las \u00faltimas semanas, afectando principalmente a las zonas rurales de Curuz\u00fa Cuati\u00e1 y Mercedes, se\u00f1alaron productores en contacto con Canal 5TV.<\/p>\n<p>Las altas temperaturas, la sequ\u00eda extrema y los fuertes vientos convirtieron a la provincia en un polvor\u00edn. Ante la emergencia, productores y autoridades trabajan contrarreloj para contener el avance del fuego.<\/p>\n<p>Daniel Panario, presidente de la Sociedad Rural de Curuz\u00fa Cuati\u00e1, describi\u00f3 la situaci\u00f3n como &#8220;desesperante&#8221;. Seg\u00fan sus estimaciones, en su departamento se han quemado alrededor de 25.000 hect\u00e1reas en lo que va de febrero, agravando una crisis ambiental que se ve\u00eda venir. &#8220;Nosotros ven\u00edamos advirtiendo, el INTA y los servicios meteorol\u00f3gicos tambi\u00e9n alertaron que esto pod\u00eda suceder&#8221;, afirm\u00f3.<\/p>\n<div class=\"container-spot\" data-tipo=\"tipo_todo\" data-pos=\"NEW_P2_cuerpo\"><\/div>\n<p>Panario explic\u00f3 que las lluvias primaverales promovieron un r\u00e1pido crecimiento de pasturas, que ahora, ante la falta de precipitaciones y el calor extremo, se han convertido en material inflamable. &#8220;El pasto seco, sumado a la baja humedad y los vientos fuertes, gener\u00f3 un combo perfecto para que los incendios se descontrolen&#8221;, advirti\u00f3.<\/p>\n<p>En cuanto al origen del fuego, el dirigente rural prefiri\u00f3 la cautela. &#8220;Hoy ser\u00eda muy apresurado afirmar si se trata de incendios intencionales o no. Hay muchos comentarios, pero lo cierto es que cualquier chispa, ya sea de un transformador, una banquina descuidada o incluso un vidrio expuesto al sol, puede iniciar un incendio de gran magnitud&#8221;, explic\u00f3.<\/p>\n<div class=\"container-spot\" data-tipo=\"tipo_todo\" data-pos=\"NEW_P3_cuerpo\"><\/div>\n<p><strong>Mercedes tambi\u00e9n en alerta<\/strong><\/p>\n<p>Carlos Rold\u00e1n, presidente de la Sociedad Rural de Mercedes, detall\u00f3 que la zona tambi\u00e9n ha sido gravemente afectada. &#8220;Se han quemado entre 20.000 y 25.000 hect\u00e1reas en los \u00faltimos diez d\u00edas, sobre todo en el oeste de Curuz\u00fa Cuati\u00e1, Perugorr\u00eda y Villa Olivari&#8221;, inform\u00f3.<\/p>\n<p>Sobre las tareas de combate, Rold\u00e1n destac\u00f3 la labor de brigadistas, bomberos y productores, pero reconoci\u00f3 que los recursos podr\u00edan no ser suficientes si la situaci\u00f3n se agrava. &#8220;Hay alrededor de 250 brigadistas activos y se han desplegado aviones hidrantes y helic\u00f3pteros, pero si los incendios siguen multiplic\u00e1ndose, ser\u00e1 imposible contenerlos&#8221;, advirti\u00f3.<\/p>\n<div class=\"container-spot\" data-tipo=\"tipo_todo\" data-pos=\"NEW_P4_cuerpo\"><\/div>\n<p>El recuerdo de los incendios de 2022, que devastaron m\u00e1s de un mill\u00f3n de hect\u00e1reas en Corrientes, est\u00e1 presente en los productores. &#8220;Tenemos que acostumbrarnos a que esto puede volver a pasar. El cambio clim\u00e1tico y la sequ\u00eda nos obligan a repensar estrategias de prevenci\u00f3n, tanto desde el sector productivo como desde el Estado&#8221;, sostuvo Panario.<\/p>\n<p>Mientras tanto, el gobernador Gustavo Vald\u00e9s recorri\u00f3 las zonas afectadas junto con funcionarios provinciales, asegurando que los recursos disponibles est\u00e1n a disposici\u00f3n para combatir los focos activos.<\/p>\n","protected":false},"excerpt":{"rendered":"<p>De acuerdo a la informaci\u00f3n que maneja la Sociedad Rural, &#8220;los incendios forestales en Corrientes ya han consumido m\u00e1s de 25.000 hect\u00e1reas&#8221; en las \u00faltimas semanas, afectando principalmente a las zonas rurales de Curuz\u00fa Cuati\u00e1 y Mercedes, se\u00f1alaron productores en contacto con Canal 5TV. Las altas temperaturas, la sequ\u00eda extrema y los fuertes vientos convirtieron [&hellip;]<\/p>\n","protected":false},"author":2,"featured_media":26721,"comment_status":"open","ping_status":"open","sticky":false,"template":"","format":"standard","meta":{"footnotes":""},"categories":[72],"tags":[],"class_list":["post-29039","post","type-post","status-publish","format-standard","has-post-thumbnail","hentry","category-provinciales"],"_links":{"self":[{"href":"https:\/\/radiosurfm.com\/web\/wp-json\/wp\/v2\/posts\/29039","targetHints":{"allow":["GET"]}}],"collection":[{"href":"https:\/\/radiosurfm.com\/web\/wp-json\/wp\/v2\/posts"}],"about":[{"href":"https:\/\/radiosurfm.com\/web\/wp-json\/wp\/v2\/types\/post"}],"author":[{"embeddable":true,"href":"https:\/\/radiosurfm.com\/web\/wp-json\/wp\/v2\/users\/2"}],"replies":[{"embeddable":true,"href":"https:\/\/radiosurfm.com\/web\/wp-json\/wp\/v2\/comments?post=29039"}],"version-history":[{"count":0,"href":"https:\/\/radiosurfm.com\/web\/wp-json\/wp\/v2\/posts\/29039\/revisions"}],"wp:featuredmedia":[{"embeddable":true,"href":"https:\/\/radiosurfm.com\/web\/wp-json\/wp\/v2\/media\/26721"}],"wp:attachment":[{"href":"https:\/\/radiosurfm.com\/web\/wp-json\/wp\/v2\/media?parent=29039"}],"wp:term":[{"taxonomy":"category","embeddable":true,"href":"https:\/\/radiosurfm.com\/web\/wp-json\/wp\/v2\/categories?post=29039"},{"taxonomy":"post_tag","embeddable":true,"href":"https:\/\/radiosurfm.com\/web\/wp-json\/wp\/v2\/tags?post=29039"}],"curies":[{"name":"wp","href":"https:\/\/api.w.org\/{rel}","templated":true}]}}