{"id":29099,"date":"2025-02-13T14:10:10","date_gmt":"2025-02-13T17:10:10","guid":{"rendered":"https:\/\/radiosurfm.com\/web\/?p=29099"},"modified":"2025-02-13T14:10:10","modified_gmt":"2025-02-13T17:10:10","slug":"milo-j-trapero-y-activista-de-derechos-humanos","status":"publish","type":"post","link":"https:\/\/radiosurfm.com\/web\/2025\/02\/13\/milo-j-trapero-y-activista-de-derechos-humanos\/","title":{"rendered":"Milo J, trapero y activista de derechos humanos"},"content":{"rendered":"<p>Desde este mi\u00e9rcoles, Milo J, uno de los principales activistas por los Derechos Humanos de la Generaci\u00f3n Z, pas\u00f3 a engrosar la lista de artistas antag\u00f3nicos a la gesti\u00f3n de Javier Milei, de la misma forma que Lali, Dillom, La Renga y Divididos. Sin embargo, y esto es lo m\u00e1s grave, se trata del primer m\u00fasico censurado oficialmente por el actual gobierno nacional. Lo que lo que convierte en uno de los pocos casos de los que se tenga registro, en ese sentido, desde la vuelta a la democracia en el pa\u00eds. El rapero ten\u00eda previsto estrenar su m\u00e1s reciente \u00e1lbum, 166 (Deluxe) retirada, en el Espacio Memoria y Derechos Humanos (ex ESMA), a las 19:30. Pero unas horas antes el propio cantante y compositor confirm\u00f3 la suspensi\u00f3n del evento.<\/p>\n<p>A trav\u00e9s de su perfil de Instagram, el nativo de Mor\u00f3n hizo un Live, que colg\u00f3 inmediatamente en su cuenta, en el que explic\u00f3 las razones que ocasionaron la lamentable noticia. \u201cLes quiero informar que hoy iba a ser la pre escucha del Deluxe ac\u00e1 en la ex ESMA, en Buenos Aires, y no se va a poder dar. El Gobierno nacional mostr\u00f3 papales y datos de salud, de planes de evacuaci\u00f3n, que eran falsos. De salidas de emergencia que s\u00ed est\u00e1n, y que dijeron que no estaban. Un mont\u00f3n de cosas que se las llevaron a una jueza y nos suspendieron el evento porque ya sabemos c\u00f3mo funciona todo esto\u201d, manifest\u00f3 el artista en el video, mientras en el fondo se pod\u00eda apreciar el escenario. \u201cEstoy muy triste por esto\u201d.<\/p>\n<p>Adem\u00e1s, enfatiz\u00f3: \u201cTienen preparados polic\u00edas afuera para que, si entra la gente, repriman. As\u00ed que s\u00ed est\u00e1n afuera y ven esto, por favor, v\u00e1yanse a su casa tranquilos y en orden, por favor. No quiero quilombo. No quiero que a ning\u00fan fan le pase nada. P\u00f3rtense bien\u201d. Y recalc\u00f3: \u201cLa pre escucha se iba a dar ac\u00e1 en la ex ESMA. Ten\u00edamos el escenario preparado para ustedes. Y nos volaron a la mierda. Supongo que juntar 20 mil personas en un espacio de memoria al Gobierno de ahora no le gusta. No s\u00e9 qu\u00e9 otra excusa tiene el Presidente para cortarnos estas cuestiones. Supongo que no le gusta la m\u00fasica de ahora. Esto no es pol\u00edtico, \u00e9sta es una hijaderemilputez. Tengo ganas de llorar. Se me cuidan. Los amo, y les pido perd\u00f3n\u201d.<\/p>\n<p>Camilo Joaqu\u00edn Villarruel, el nombre detr\u00e1s del \u00e1lter ego, se torn\u00f3 apenas acab\u00f3 la pandemia en una de las noveles figuras de la escena urbana argentina, consiguiendo el reconocimiento y la admiraci\u00f3n de pioneros del movimiento. Si bien se dio a conocer en 2022 gracias a la canci\u00f3n \u201cMilagrosa\u201d, que se viraliz\u00f3 en las redes TikTok y YouTube, m\u00e1s tarde comenz\u00f3 a tomarse m\u00e1s en serio la posibilidad de desarrollar una carrera musical. Entonces puso circular algunos singles m\u00e1s, en colaboraci\u00f3n con el productor musical Indica Miki, hasta que en noviembre de ese a\u00f1o alcanz\u00f3 la fama por intermedio del tema \u201cEl bolero\u201d, en el que junt\u00f3 fuerzas con la cantante e influencer Yami Safdie, a la que le secund\u00f3 una versi\u00f3n ac\u00fastica del mismo hit.<\/p>\n<p>Al a\u00f1o siguiente, el art\u00edfice de 18 a\u00f1os (cumplidos en octubre pasado) public\u00f3 el EP 511, lo que decant\u00f3 m\u00e1s tarde en colaboraciones con los iconos musicales locales Nicki Nicole, Duki, Bhavi YSY A y Lit Killah. Hasta llegar a la BZRP Music Sessions, Vol. 57. Tambi\u00e9n en 2023, Milo J public\u00f3 su \u00e1lbum debut, 111, en el que hace alarde de esa voz envenenada. Ah\u00ed demostr\u00f3 aparte que no s\u00f3lo es el flamante genio del trap, sino que tambi\u00e9n es capaz de estar a la altura del pop y la balada. De hecho, entre sus influencias musicales m\u00e1s pr\u00f3ximas se encuentran discos como\u00a0<em>Artaud,\u00a0<\/em>de\u00a0<strong>Pescado Rabioso<\/strong>;<em>\u00a0El Madrile\u00f1o,<\/em>\u00a0de\u00a0<strong>C. Tangana<\/strong>;\u00a0<em>To Pimp a Butterfly;<\/em>\u00a0de\u00a0<strong>Kendrick Lamar<\/strong>;\u00a0<em>La grasa de las capitales,<\/em>\u00a0de<strong>\u00a0Ser\u00fa Gir\u00e1n; y Clics modernos, de Charly Garc\u00eda.<\/strong><\/p>\n<p>A prop\u00f3sito de este \u00faltimo \u00e1lbum, durante su actuaci\u00f3n en la edici\u00f3n local del festival Primavera Sound, en 2023, despach\u00f3 una adaptaci\u00f3n memorable de \u201cLos dinosaurios\u201d, cautivando la atenci\u00f3n de una nueva masa de p\u00fablico y advirtiendo su compromiso para con las consignas \u201cmemoria, verdad y justicia\u201d. Por eso no es fortuito que Milo J haya elegido para hacer la pre escucha de su disco m\u00e1s reciente al Espacio Memoria y Derechos Humanos, donde se le vio en el aniversario 24 de su recuperaci\u00f3n e inauguraci\u00f3n c\u00f3mo espacio de memoria. Su relaci\u00f3n con Madres y Abuelas de Plaza de Mayo sum\u00f3 un nuevo episodio en marzo de 2024, cuando las homenaje\u00f3 en los dos Movistar Arena que encar\u00f3, a manera de pre\u00e1mbulo del D\u00eda de la Memoria.<\/p>\n<p>Una vez que el trapero inform\u00f3 sobre la suspensi\u00f3n del evento,\u00a0<b>P\u00e1gina\/12<\/b>\u00a0acudi\u00f3 hasta la otrora sede de la ESMA. Am\u00e9n de las decenas de veh\u00edculos de Prefectura, Gendarmer\u00eda, Polic\u00eda Federal y Polic\u00eda de la Ciudad aposentados a lo largo de varias cuadras, como si se tratara de una revuelta a punto de consumarse, a\u00fan quedaban en el lugar varios fans del m\u00fasico. Algunos de ellos haciendo tiempo hasta que sus padres lo fueran a buscar o todav\u00eda estupefactos por lo ocurrido. Como Alejandro: \u201cMe enter\u00e9 de la suspensi\u00f3n llegando al lugar, pero lo que m\u00e1s me sorprendi\u00f3 fue que la polic\u00eda hab\u00eda tomado posici\u00f3n como para reprimir al p\u00fablico. Y a la gente no le qued\u00f3 otra que retirarse por pedido de los organizadores\u201d.<\/p>\n<p>En tanto que Silvana cont\u00f3 a este diario que nadie crey\u00f3 que el evento se hab\u00eda cancelado hasta que vieron las historias de Instagram de Milo y su madre. El show era de entrada libre y gratuita, por lo que acudi\u00f3 tambi\u00e9n p\u00fablico de bajo poder adquisitivo que por primera vez ten\u00eda la oportunidad de ver en vivo a su \u00eddolo. Al igual que sucedi\u00f3 con el disco 166, el artista realiz\u00f3 una pre escucha con sus fans. Ocurri\u00f3 el a\u00f1o pasado en la sala C Art Media. Este trabajo rinde tributo a Mor\u00f3n y reflexiona sobre la historia y la identidad. La versi\u00f3n \u201cdeluxe\u201d del mismo material cuenta con colaboraciones de Tini, Bhavi, Munic HB y Cerounno e incluye temas in\u00e9ditos. Apareci\u00f3 en las plataformas digitales el 12 de febrero, a las 21 hs, d\u00eda que a partir de hoy ser\u00e1 sin\u00f3nimo de amargura.<\/p>\n","protected":false},"excerpt":{"rendered":"<p>Desde este mi\u00e9rcoles, Milo J, uno de los principales activistas por los Derechos Humanos de la Generaci\u00f3n Z, pas\u00f3 a engrosar la lista de artistas antag\u00f3nicos a la gesti\u00f3n de Javier Milei, de la misma forma que Lali, Dillom, La Renga y Divididos. Sin embargo, y esto es lo m\u00e1s grave, se trata del primer [&hellip;]<\/p>\n","protected":false},"author":2,"featured_media":29100,"comment_status":"open","ping_status":"open","sticky":false,"template":"","format":"standard","meta":{"footnotes":""},"categories":[67,64],"tags":[],"class_list":["post-29099","post","type-post","status-publish","format-standard","has-post-thumbnail","hentry","category-cultura","category-nacionales"],"_links":{"self":[{"href":"https:\/\/radiosurfm.com\/web\/wp-json\/wp\/v2\/posts\/29099","targetHints":{"allow":["GET"]}}],"collection":[{"href":"https:\/\/radiosurfm.com\/web\/wp-json\/wp\/v2\/posts"}],"about":[{"href":"https:\/\/radiosurfm.com\/web\/wp-json\/wp\/v2\/types\/post"}],"author":[{"embeddable":true,"href":"https:\/\/radiosurfm.com\/web\/wp-json\/wp\/v2\/users\/2"}],"replies":[{"embeddable":true,"href":"https:\/\/radiosurfm.com\/web\/wp-json\/wp\/v2\/comments?post=29099"}],"version-history":[{"count":0,"href":"https:\/\/radiosurfm.com\/web\/wp-json\/wp\/v2\/posts\/29099\/revisions"}],"wp:featuredmedia":[{"embeddable":true,"href":"https:\/\/radiosurfm.com\/web\/wp-json\/wp\/v2\/media\/29100"}],"wp:attachment":[{"href":"https:\/\/radiosurfm.com\/web\/wp-json\/wp\/v2\/media?parent=29099"}],"wp:term":[{"taxonomy":"category","embeddable":true,"href":"https:\/\/radiosurfm.com\/web\/wp-json\/wp\/v2\/categories?post=29099"},{"taxonomy":"post_tag","embeddable":true,"href":"https:\/\/radiosurfm.com\/web\/wp-json\/wp\/v2\/tags?post=29099"}],"curies":[{"name":"wp","href":"https:\/\/api.w.org\/{rel}","templated":true}]}}