{"id":29105,"date":"2025-02-17T14:43:14","date_gmt":"2025-02-17T17:43:14","guid":{"rendered":"https:\/\/radiosurfm.com\/web\/?p=29105"},"modified":"2025-02-17T14:43:14","modified_gmt":"2025-02-17T17:43:14","slug":"provincial-de-clubes-central-gano-de-local-y-huracan-perdio-en-esquina","status":"publish","type":"post","link":"https:\/\/radiosurfm.com\/web\/2025\/02\/17\/provincial-de-clubes-central-gano-de-local-y-huracan-perdio-en-esquina\/","title":{"rendered":"Provincial de Clubes: Central gan\u00f3 de local y Hurac\u00e1n perdi\u00f3 en Esquina"},"content":{"rendered":"<p>Central Goya empez\u00f3 con el pie derecho en su debut en el Torneo Provincial de Clubes 2025 que organiza la Fe.Co.F. Por la Zona 10, derrot\u00f3 1 a 0 a Football de Esquina con gol de Lautaro Medina de penal a los 30 minutos del ST.<\/p>\n<p>En la primera parte, los dirigidos por Pancho Pezoa nunca le encontraron la vuelta al partido y en varios tramos se vio superado por la visita a pesar de intentar manejar el bal\u00f3n y ser prolijos en el armado del juego. En el complemento, y tras los ingresos de Lautaro Medina y Joaqu\u00edn Valenzuela, el due\u00f1o de casa logr\u00f3 acomodarse mejor e imponer superioridad en el juego; y tras una infracci\u00f3n dentro del \u00e1rea al delantero Tom\u00e1s Iriarte, el goleador Medina cambi\u00f3 penal por gol que a la postre terminar\u00eda d\u00e1ndole la victoria al \u00faltimo campe\u00f3n del f\u00fatbol oficial de la Liga Goyana.<\/p>\n<p>La pr\u00f3xima jornada Central visitar\u00e1 a Curupay de Capital, mientras que Esquina Football Club quedar\u00e1 libre.<\/p>\n<p><b>MAL DEBUT DEL SABALERO<br \/>\n<\/b><br \/>\nPor su parte, Hurac\u00e1n, con el reestreno de Juan Manuel V\u00e1zquez al frente de la direcci\u00f3n t\u00e9cnica del primer equipo, cay\u00f3 2 a 1 en Esquina en lo que fue el debut de ambos conjuntos en la presente edici\u00f3n del m\u00e1ximo certamen provincial a nivel clubes.<\/p>\n<p>Por la Zona 9 y con goles de Jos\u00e9 Acosta y Jonatan Sotelo, ambos en el primer tiempo, San Mart\u00edn se impuso de local 2 a 1 a Hurac\u00e1n de Goya. Emanuel Villalva descont\u00f3 para el Sabalero en el complemento.<\/p>\n<p>La pr\u00f3xima jornada Hurac\u00e1n quedar\u00e1 libre mientras que San Martin visitar\u00e1 a Barrio Norte de Bella Vista.<\/p>\n","protected":false},"excerpt":{"rendered":"<p>Central Goya empez\u00f3 con el pie derecho en su debut en el Torneo Provincial de Clubes 2025 que organiza la Fe.Co.F. Por la Zona 10, derrot\u00f3 1 a 0 a Football de Esquina con gol de Lautaro Medina de penal a los 30 minutos del ST. En la primera parte, los dirigidos por Pancho Pezoa [&hellip;]<\/p>\n","protected":false},"author":2,"featured_media":29106,"comment_status":"open","ping_status":"open","sticky":false,"template":"","format":"standard","meta":{"footnotes":""},"categories":[83,56],"tags":[],"class_list":["post-29105","post","type-post","status-publish","format-standard","has-post-thumbnail","hentry","category-deporte","category-locales"],"_links":{"self":[{"href":"https:\/\/radiosurfm.com\/web\/wp-json\/wp\/v2\/posts\/29105","targetHints":{"allow":["GET"]}}],"collection":[{"href":"https:\/\/radiosurfm.com\/web\/wp-json\/wp\/v2\/posts"}],"about":[{"href":"https:\/\/radiosurfm.com\/web\/wp-json\/wp\/v2\/types\/post"}],"author":[{"embeddable":true,"href":"https:\/\/radiosurfm.com\/web\/wp-json\/wp\/v2\/users\/2"}],"replies":[{"embeddable":true,"href":"https:\/\/radiosurfm.com\/web\/wp-json\/wp\/v2\/comments?post=29105"}],"version-history":[{"count":0,"href":"https:\/\/radiosurfm.com\/web\/wp-json\/wp\/v2\/posts\/29105\/revisions"}],"wp:featuredmedia":[{"embeddable":true,"href":"https:\/\/radiosurfm.com\/web\/wp-json\/wp\/v2\/media\/29106"}],"wp:attachment":[{"href":"https:\/\/radiosurfm.com\/web\/wp-json\/wp\/v2\/media?parent=29105"}],"wp:term":[{"taxonomy":"category","embeddable":true,"href":"https:\/\/radiosurfm.com\/web\/wp-json\/wp\/v2\/categories?post=29105"},{"taxonomy":"post_tag","embeddable":true,"href":"https:\/\/radiosurfm.com\/web\/wp-json\/wp\/v2\/tags?post=29105"}],"curies":[{"name":"wp","href":"https:\/\/api.w.org\/{rel}","templated":true}]}}