{"id":29149,"date":"2025-02-18T13:17:22","date_gmt":"2025-02-18T16:17:22","guid":{"rendered":"https:\/\/radiosurfm.com\/web\/?p=29149"},"modified":"2025-02-18T13:17:22","modified_gmt":"2025-02-18T16:17:22","slug":"procesaron-a-alberto-fernandez-en-la-causa-por-violencia-de-genero-contra-fabiola-yanez","status":"publish","type":"post","link":"https:\/\/radiosurfm.com\/web\/2025\/02\/18\/procesaron-a-alberto-fernandez-en-la-causa-por-violencia-de-genero-contra-fabiola-yanez\/","title":{"rendered":"Procesaron a Alberto Fern\u00e1ndez en la causa por violencia de g\u00e9nero contra Fabiola Ya\u00f1ez"},"content":{"rendered":"<p>El juez federal Juli\u00e1n Ercolini proces\u00f3 este lunes a Alberto Fern\u00e1ndez en la causa que lo investiga por violencia de g\u00e9nero tras la denuncia de Fabiola Ya\u00f1ez. El titular del Juzgado Criminal y Correccional Federal N\u00b010 tambi\u00e9n orden\u00f3 trabar un embargo de $10.000.000 sobre los bienes del expresidente.<\/p>\n<p>Por otro lado, el magistrado dej\u00f3 sin efecto la medida que le proh\u00edbe a Alberto Fern\u00e1ndez salir del pa\u00eds, aunque tendr\u00e1 que informar al Juzgado al menos 72 horas antes de viajar al exterior.<\/p>\n<p>Seg\u00fan el fallo al que accedi\u00f3 TN, Ercolini pidi\u00f3 que el exmandatario sea investigado por dos hechos de \u201clesiones leves\u201d doblemente agravadas por haberse cometido en un contexto de violencia de g\u00e9nero y contra su pareja; sumado a \u201clesiones graves\u201d agravadas por violencia de g\u00e9nero, y \u201camenazas coactivas\u201d, en concurso real.<\/p>\n<p>Tras rechazar el planteo de nulidad presentado por la defensa, el juez solicit\u00f3 que se mantengan las medidas restrictivas, como el cese de actos de perturbaci\u00f3n o intimidaci\u00f3n del imputado hacia la ex primera dama.<\/p>\n<p>Esto significa que no se puede acercar a menos de 500 metros de Ya\u00f1ez, ya sea que se encuentre en Madrid, donde est\u00e1 viviendo, o en cualquier otro lugar. Tampoco puede llamarla, enviarle mensajes, correos, ni tener otro tipo de contacto virtual.<\/p>\n<p>Fabiola Ya\u00f1ez denunci\u00f3 a Alberto Fern\u00e1ndez el 6 de agosto del 2024. En un escrito, asegur\u00f3 que su expareja ejerci\u00f3 violencia de g\u00e9nero en su contra desde el 2016. Seg\u00fan declar\u00f3, el expresidente aprovech\u00f3 su situaci\u00f3n de vulnerabilidad y la someti\u00f3 a \u201cviolencia psicol\u00f3gica\u201d, bajo las formas de \u201cacoso, hostigamientos, controles, indiferencia, insultos, culpabilizaci\u00f3n, destrato, retiro de la palabra, ninguneos y hostilidad\u201d.<\/p>\n<p>El v\u00ednculo tambi\u00e9n habr\u00eda estado marcado por episodios de violencia f\u00edsica, cuando ella intentaba mudarse del departamento que compart\u00edan en la calle Juana Manso, en la ciudad de Buenos Aires.<\/p>\n<p>Le\u00e9 tambi\u00e9n: Alberto Fern\u00e1ndez present\u00f3 un escrito en la indagatoria ante el juez Ercolini por la causa por violencia de g\u00e9nero sobre Fabiola Ya\u00f1ez<\/p>\n<p>La ex primera dama asegur\u00f3 que, tras ser electo como presidente de la Naci\u00f3n, la violencia f\u00edsica habr\u00eda continuado y escalado, m\u00e1s precisamente despu\u00e9s de haber quedado embarazada hacia fines de julio y principios de agosto del 2021.<\/p>\n<p>Yanez declar\u00f3 que Fern\u00e1ndez la agarraba del cuello, la zamarreaba, le daba cachetazos con la mano abierta, y golpes en la cara y en otras partes del cuerpo. Esto sucedi\u00f3 presuntamente cuando viv\u00edan en la Quinta de Olivos. Incluso, la foto de la pol\u00e9mica en la que ella aparece con un moret\u00f3n en el ojo y en el brazo ser\u00eda del 21 de junio del 2021.<\/p>\n<p>Seg\u00fan su testimonio, el calvario sigui\u00f3 incluso hasta cuando se mud\u00f3 a la ciudad de Madrid, con Francisco, el hijo de ambos. De acuerdo a la denuncia, la ex primera dama \u201chabr\u00eda sido condicionada econ\u00f3micamente\u201d por Fern\u00e1ndez \u201ccomo medio para manipular y continuar ejerciendo poder y control\u201d. Tambi\u00e9n le dijo que se iba a suicidar si continuaba con la acci\u00f3n penal.<\/p>\n<p>Ante esto, Alberto Fern\u00e1ndez present\u00f3 un escrito de 200 carillas en donde neg\u00f3 todas las acusaciones, cuestion\u00f3 la \u201cparcialidad\u201d del juez Ercolini y asegur\u00f3 que la v\u00edctima de violencia hab\u00eda sido \u00e9l, ya que culp\u00f3 a Ya\u00f1ez de tener problemas de alcoholismo. \u201cElla se pon\u00eda violenta, me atacaba con una fuerza singular. Yo solo atinaba a atajar sus manos para evitar sus golpes\u201d, expres\u00f3.<\/p>\n","protected":false},"excerpt":{"rendered":"<p>El juez federal Juli\u00e1n Ercolini proces\u00f3 este lunes a Alberto Fern\u00e1ndez en la causa que lo investiga por violencia de g\u00e9nero tras la denuncia de Fabiola Ya\u00f1ez. El titular del Juzgado Criminal y Correccional Federal N\u00b010 tambi\u00e9n orden\u00f3 trabar un embargo de $10.000.000 sobre los bienes del expresidente. Por otro lado, el magistrado dej\u00f3 sin [&hellip;]<\/p>\n","protected":false},"author":2,"featured_media":29150,"comment_status":"open","ping_status":"open","sticky":false,"template":"","format":"standard","meta":{"footnotes":""},"categories":[64],"tags":[],"class_list":["post-29149","post","type-post","status-publish","format-standard","has-post-thumbnail","hentry","category-nacionales"],"_links":{"self":[{"href":"https:\/\/radiosurfm.com\/web\/wp-json\/wp\/v2\/posts\/29149","targetHints":{"allow":["GET"]}}],"collection":[{"href":"https:\/\/radiosurfm.com\/web\/wp-json\/wp\/v2\/posts"}],"about":[{"href":"https:\/\/radiosurfm.com\/web\/wp-json\/wp\/v2\/types\/post"}],"author":[{"embeddable":true,"href":"https:\/\/radiosurfm.com\/web\/wp-json\/wp\/v2\/users\/2"}],"replies":[{"embeddable":true,"href":"https:\/\/radiosurfm.com\/web\/wp-json\/wp\/v2\/comments?post=29149"}],"version-history":[{"count":0,"href":"https:\/\/radiosurfm.com\/web\/wp-json\/wp\/v2\/posts\/29149\/revisions"}],"wp:featuredmedia":[{"embeddable":true,"href":"https:\/\/radiosurfm.com\/web\/wp-json\/wp\/v2\/media\/29150"}],"wp:attachment":[{"href":"https:\/\/radiosurfm.com\/web\/wp-json\/wp\/v2\/media?parent=29149"}],"wp:term":[{"taxonomy":"category","embeddable":true,"href":"https:\/\/radiosurfm.com\/web\/wp-json\/wp\/v2\/categories?post=29149"},{"taxonomy":"post_tag","embeddable":true,"href":"https:\/\/radiosurfm.com\/web\/wp-json\/wp\/v2\/tags?post=29149"}],"curies":[{"name":"wp","href":"https:\/\/api.w.org\/{rel}","templated":true}]}}