{"id":29152,"date":"2025-02-18T13:21:43","date_gmt":"2025-02-18T16:21:43","guid":{"rendered":"https:\/\/radiosurfm.com\/web\/?p=29152"},"modified":"2025-02-18T13:22:00","modified_gmt":"2025-02-18T16:22:00","slug":"revelan-que-en-el-rio-parana-el-70-de-contaminacion-es-por-plasticos","status":"publish","type":"post","link":"https:\/\/radiosurfm.com\/web\/2025\/02\/18\/revelan-que-en-el-rio-parana-el-70-de-contaminacion-es-por-plasticos\/","title":{"rendered":"Revelan que en el r\u00edo Paran\u00e1, el 70% de contaminaci\u00f3n es por pl\u00e1sticos"},"content":{"rendered":"<p>El modelo de producci\u00f3n y consumo es lo que la especialista se\u00f1al\u00f3 como principal explicaci\u00f3n de los resultados de la investigaci\u00f3n que realizan sobre la cuenca del r\u00edo Paran\u00e1, desde el Centro Cient\u00edfico Tecnol\u00f3gico y Educativo Acuario del R\u00edo Paran\u00e1 y la Plataforma Ambiental de la Universidad Nacional de Rosario.<\/p>\n<p>\u00abLos estudios indican que, del total de contaminaci\u00f3n en el r\u00edo Paran\u00e1, el 70% corresponde a pl\u00e1sticos, y la mayor proporci\u00f3n de desechos de la industria alimentaria. El 95% de este volumen, corresponde a art\u00edculos descartables. Es lo que encuentran a\u00f1o tras a\u00f1o desde el 2016\u00bb, indic\u00f3 la investigadora.<\/p>\n<p>Ante estos resultados, Mitchell abord\u00f3 un estudio espec\u00edfico sobre micropl\u00e1sticos, identificados como part\u00edculas de pl\u00e1stico de menos de 5 mil\u00edmetros de tama\u00f1o, originadas por la fragmentaci\u00f3n de pl\u00e1sticos m\u00e1s grandes o fabricados directamente para uso industrial y dom\u00e9stico. Estos no son identificables al ojo humano, y requieren de dispositivos especiales para ser identificados.<\/p>\n<p>\u00abLos resultados son contundentes: en las costas de la ciudad de Rosario, por cada metro de arena, se encuentran m\u00e1s de 18.500 micropl\u00e1sticos. Estas cifras corresponden a una medici\u00f3n superficial, los tres primeros cent\u00edmetros de este suelo\u00bb, detall\u00f3 la tambi\u00e9n docente de la UNR. La gesti\u00f3n de residuos deficiente en zonas urbanas y los basurales en zonas inundables son identificados como los principales generadores de estas cifras.<\/p>\n<p>Separar los residuos para su reciclado, compostar el material org\u00e1nico o reducir el uso de pl\u00e1sticos de un solo uso son algunas de las acciones sobre las que puede colaborar la ciudadan\u00eda. Sin embargo, Mitchell remarc\u00f3 la importancia de que se acompa\u00f1e desde esferas p\u00fablicas y privadas de toma de decisiones, con pol\u00edticas p\u00fablicas integrales de gesti\u00f3n de desechos en \u00e1mbitos productivos, en los sistemas de higiene urbana y la regulaci\u00f3n del uso de pl\u00e1sticos en el sector comercial y\/o gastron\u00f3mico.<\/p>\n<p>\u00abLo que estamos diciendo no es volver al lechero que te tra\u00eda la leche en un contenedor a la puerta de tu casa, pero s\u00ed hay ciertos pl\u00e1sticos que son un poco superfluos y que podemos empezar a eliminarlos. Siempre lo digo, el stent que tiene mi pap\u00e1 en el coraz\u00f3n es de pl\u00e1stico y le salv\u00f3 la vida; no es algo contra el material sino contra la forma de utilizarlo. Una bolsa la usamos con suerte cinco minutos y puede durar miles de millones de a\u00f1os intacto\u00bb, reflexion\u00f3.<\/p>\n<p>Cu\u00e1les son los impactos en la salud animal y humana<\/p>\n<p>Para ampliar la investigaci\u00f3n, junto con Mart\u00edn Bletter, investigador oriundo de Paran\u00e1, Entre R\u00edos, Mitchell tambi\u00e9n impuls\u00f3 un relevamiento para registrar las consecuencias de la presencia de pl\u00e1sticos sobre la fauna del Paran\u00e1.<\/p>\n<p>Solicitando la colaboraci\u00f3n de la poblaci\u00f3n, relevaron registros fotogr\u00e1ficos donde se evidenciaron interacciones entre desechos y animales.<\/p>\n<p>De los casos observados, las aves y peces invertebrados son los m\u00e1s perjudicados; pero reptiles y mam\u00edferos tambi\u00e9n han sido identificados como afectados. La ingesta, el enredo y la utilizaci\u00f3n de pl\u00e1stico para la elaboraci\u00f3n de nidos y madrigueras, atascos de picos y cuellos con anillos de pl\u00e1stico de botellas son los principales riesgos para la vida de los animales de la cuenca del Paran\u00e1.<\/p>\n<p>\u00abEl impacto que tiene la contaminaci\u00f3n pl\u00e1stica en la biodiversidad de nuestros humedales es muy grande. Estos datos a veces pueden ser un poco desalentadores y duros, pero no hay que entrar en p\u00e1nico y hay que organizarse para empezar a generar cambios, revisar y mejorar nuestras pr\u00e1cticas\u00bb. Adem\u00e1s, Mitchell identific\u00f3 como clave estas acciones para tambi\u00e9n mitigar el impacto de los micropl\u00e1sticos en la salud humana.<\/p>\n<p>\u00ab\u00daltimamente cada vez hay m\u00e1s estudios de presencia de pl\u00e1sticos en nuestros propios cuerpos. Se han detectado en donde se los ha buscado, y este es el tema de los micropl\u00e1sticos. Donde los busques est\u00e1n: en el aire, en la lluvia, en el agua, en nuestros pulmones, en nuestra materia fecal, en nuestra sangre\u00bb.<br \/>\nLa investigadora explic\u00f3 que las consecuencias a largo plazo es algo que la ciencia a\u00fan est\u00e1 buscando determinar, al ser identificado como un contaminante nuevo.<\/p>\n","protected":false},"excerpt":{"rendered":"<p>El modelo de producci\u00f3n y consumo es lo que la especialista se\u00f1al\u00f3 como principal explicaci\u00f3n de los resultados de la investigaci\u00f3n que realizan sobre la cuenca del r\u00edo Paran\u00e1, desde el Centro Cient\u00edfico Tecnol\u00f3gico y Educativo Acuario del R\u00edo Paran\u00e1 y la Plataforma Ambiental de la Universidad Nacional de Rosario. \u00abLos estudios indican que, del [&hellip;]<\/p>\n","protected":false},"author":2,"featured_media":29153,"comment_status":"open","ping_status":"open","sticky":false,"template":"","format":"standard","meta":{"footnotes":""},"categories":[72],"tags":[],"class_list":["post-29152","post","type-post","status-publish","format-standard","has-post-thumbnail","hentry","category-provinciales"],"_links":{"self":[{"href":"https:\/\/radiosurfm.com\/web\/wp-json\/wp\/v2\/posts\/29152","targetHints":{"allow":["GET"]}}],"collection":[{"href":"https:\/\/radiosurfm.com\/web\/wp-json\/wp\/v2\/posts"}],"about":[{"href":"https:\/\/radiosurfm.com\/web\/wp-json\/wp\/v2\/types\/post"}],"author":[{"embeddable":true,"href":"https:\/\/radiosurfm.com\/web\/wp-json\/wp\/v2\/users\/2"}],"replies":[{"embeddable":true,"href":"https:\/\/radiosurfm.com\/web\/wp-json\/wp\/v2\/comments?post=29152"}],"version-history":[{"count":0,"href":"https:\/\/radiosurfm.com\/web\/wp-json\/wp\/v2\/posts\/29152\/revisions"}],"wp:featuredmedia":[{"embeddable":true,"href":"https:\/\/radiosurfm.com\/web\/wp-json\/wp\/v2\/media\/29153"}],"wp:attachment":[{"href":"https:\/\/radiosurfm.com\/web\/wp-json\/wp\/v2\/media?parent=29152"}],"wp:term":[{"taxonomy":"category","embeddable":true,"href":"https:\/\/radiosurfm.com\/web\/wp-json\/wp\/v2\/categories?post=29152"},{"taxonomy":"post_tag","embeddable":true,"href":"https:\/\/radiosurfm.com\/web\/wp-json\/wp\/v2\/tags?post=29152"}],"curies":[{"name":"wp","href":"https:\/\/api.w.org\/{rel}","templated":true}]}}