{"id":29156,"date":"2025-02-18T13:26:08","date_gmt":"2025-02-18T16:26:08","guid":{"rendered":"https:\/\/radiosurfm.com\/web\/?p=29156"},"modified":"2025-02-18T13:26:08","modified_gmt":"2025-02-18T16:26:08","slug":"comenzaron-las-actividades-en-las-escuelas-los-docentes-avanzan-con-fechas-para-recuperacion-y-examenes","status":"publish","type":"post","link":"https:\/\/radiosurfm.com\/web\/2025\/02\/18\/comenzaron-las-actividades-en-las-escuelas-los-docentes-avanzan-con-fechas-para-recuperacion-y-examenes\/","title":{"rendered":"COMENZARON LAS ACTIVIDADES EN LAS ESCUELAS: Los docentes avanzan con fechas para recuperaci\u00f3n y ex\u00e1menes"},"content":{"rendered":"<p>Luego del receso de verano los docentes de toda la provincia se reintegraron ayer a las escuelas para trabajar en la puesta a punto del ciclo lectivo de 2025, que iniciar\u00e1 con las clases el 5 de marzo.<\/p>\n<p>De esta manera, se dio inicio al calendario escolar de este a\u00f1o, que tendr\u00e1 menos d\u00edas de dictado en las aulas para los niveles inicial, primario y secundario, tras haber modificado la fecha en que los ni\u00f1os y adolescentes volver\u00e1n a clases.<\/p>\n<p>Cabe recordar, que originalmente los alumnos iban a regresar a clases el 24 de este mes, pero el cronograma se modific\u00f3 por decisi\u00f3n del gobernador y del Ministerio de Educaci\u00f3n de la provincia, debido a las altas temperaturas, que para esta \u00e9poca dificultan el normal dictado, sobre todo durante el turno tarde, que es cuando m\u00e1s se sienten los calores en Corrientes.<\/p>\n<p>Por la misma raz\u00f3n se estableci\u00f3 que para alcanzar los 190 d\u00edas de clases los alumnos deber\u00e1n cursar al menos 5 s\u00e1bados en el a\u00f1o.<\/p>\n<p>&#8220;Todos los colegios ya est\u00e1n abiertos y prepar\u00e1ndose para el 5 de marzo, d\u00eda de inicio del ciclo lectivo&#8221;, sostuvo ayer el subsecretario de Educaci\u00f3n de Corrientes, Julio Navias.<\/p>\n<p>El funcionario explic\u00f3 que ayer se realiz\u00f3 la presentaci\u00f3n de los docentes y comenzaron las reuniones, las lecturas de documentaci\u00f3n y recuperaci\u00f3n de contenido y las fechas de ex\u00e1menes. &#8220;Se est\u00e1 retomando la actividad y el per\u00edodo lectivo pr\u00f3ximo a recibir a nuestros alumnos&#8221;, afirm\u00f3 en declaraciones a El Matutino de Mega.<\/p>\n<p>&#8220;De acuerdo a la parte administrativa de las escuelas, forma parte de las actividades diarias y que ya est\u00e1 programado, lo hace cada una de las direcciones de nivel primario o secundario. Aquellos alumnos que tengan materias para rendir se presentan a sus ex\u00e1menes y, m\u00e1s all\u00e1 del resultado, tienen asegurado su lugar. Cuando hay alguna situaci\u00f3n particular siempre decimos que hagan el planteo correspondiente para ver cu\u00e1l es el inconveniente, de a acuerdo a la normativa vigente&#8221;, asegur\u00f3.<\/p>\n<p>&#8220;La expectativa para este a\u00f1o es que comencemos de manera normal, como en los \u00faltimos a\u00f1os, sin inconvenientes y a trabajar durante todo el a\u00f1o para brindar lo mejor a nuestros alumnos, haciendo un seguimiento de rendimiento acad\u00e9mico, ya que contamos con un programa y una alerta temprana para aquellos que tengan alg\u00fan inconveniente, ya sea por muchas inasistencias o por problemas acad\u00e9micos&#8221;, manifest\u00f3.<\/p>\n<p>&#8220;En estos d\u00edas habr\u00e1 reuni\u00f3n del personal con los equipos t\u00e9cnicos, para trabajar en la posibilidad de cursar los d\u00edas s\u00e1bados. El d\u00eda s\u00e1bado es laborable de acuerdo a nuestro calendario escolar. Cuando se presenta alg\u00fan inconveniente climatol\u00f3gico que impide el desarrollo de las clases se recupera el d\u00eda s\u00e1bado, y as\u00ed lo hemos hecho en estos \u00faltimos a\u00f1os, a fin de llegar a los 190 d\u00edas de clases estipulados. Pueden ser clases presenciales, virtuales, talleres, y eso lo acuerda la escuela buscando fortalecer trayectorias debilitadas&#8221;, cont\u00f3.<\/p>\n<p>Finalmente, se refiri\u00f3 a la infraestructura escolar: &#8220;Se viene realizando una ardua tarea para poner en condiciones las escuelas, que tienen que ver con mantenimiento, corte de pasto, pintura, electricidad y refacciones&#8221;.<\/p>\n","protected":false},"excerpt":{"rendered":"<p>Luego del receso de verano los docentes de toda la provincia se reintegraron ayer a las escuelas para trabajar en la puesta a punto del ciclo lectivo de 2025, que iniciar\u00e1 con las clases el 5 de marzo. De esta manera, se dio inicio al calendario escolar de este a\u00f1o, que tendr\u00e1 menos d\u00edas de [&hellip;]<\/p>\n","protected":false},"author":2,"featured_media":29157,"comment_status":"open","ping_status":"open","sticky":false,"template":"","format":"standard","meta":{"footnotes":""},"categories":[72],"tags":[],"class_list":["post-29156","post","type-post","status-publish","format-standard","has-post-thumbnail","hentry","category-provinciales"],"_links":{"self":[{"href":"https:\/\/radiosurfm.com\/web\/wp-json\/wp\/v2\/posts\/29156","targetHints":{"allow":["GET"]}}],"collection":[{"href":"https:\/\/radiosurfm.com\/web\/wp-json\/wp\/v2\/posts"}],"about":[{"href":"https:\/\/radiosurfm.com\/web\/wp-json\/wp\/v2\/types\/post"}],"author":[{"embeddable":true,"href":"https:\/\/radiosurfm.com\/web\/wp-json\/wp\/v2\/users\/2"}],"replies":[{"embeddable":true,"href":"https:\/\/radiosurfm.com\/web\/wp-json\/wp\/v2\/comments?post=29156"}],"version-history":[{"count":0,"href":"https:\/\/radiosurfm.com\/web\/wp-json\/wp\/v2\/posts\/29156\/revisions"}],"wp:featuredmedia":[{"embeddable":true,"href":"https:\/\/radiosurfm.com\/web\/wp-json\/wp\/v2\/media\/29157"}],"wp:attachment":[{"href":"https:\/\/radiosurfm.com\/web\/wp-json\/wp\/v2\/media?parent=29156"}],"wp:term":[{"taxonomy":"category","embeddable":true,"href":"https:\/\/radiosurfm.com\/web\/wp-json\/wp\/v2\/categories?post=29156"},{"taxonomy":"post_tag","embeddable":true,"href":"https:\/\/radiosurfm.com\/web\/wp-json\/wp\/v2\/tags?post=29156"}],"curies":[{"name":"wp","href":"https:\/\/api.w.org\/{rel}","templated":true}]}}