{"id":29162,"date":"2025-02-18T13:42:19","date_gmt":"2025-02-18T16:42:19","guid":{"rendered":"https:\/\/radiosurfm.com\/web\/?p=29162"},"modified":"2025-02-18T13:42:19","modified_gmt":"2025-02-18T16:42:19","slug":"internas-justicialistas-en-goya-dos-listas-van-a-las-urnas","status":"publish","type":"post","link":"https:\/\/radiosurfm.com\/web\/2025\/02\/18\/internas-justicialistas-en-goya-dos-listas-van-a-las-urnas\/","title":{"rendered":"Internas Justicialistas en Goya: dos listas van a las urnas"},"content":{"rendered":"<p>Son dos las nominas que van a estar a consideraci\u00f3n de los afiliados del PJ de Goya, de un padr\u00f3n cercano a los 12 mil electores. Marcos Bassi y Fernanda Esmay como presidente y secretaria van por un sector, en tanto que enfrente lo tendr\u00e1 Julia Josefa D\u00edaz y Matias Bianciotto, compitiendo para los mencionados cargos. En la l\u00ednea de Bassi, el propuesto para la precandidatura a intendente de Goya, es Lisandro Paleari, y Julia \u201cMami\u201d D\u00edaz lo hace por su espacio.<\/p>\n<p>Por otra parte, trascendieron algunos nombres que est\u00e1n dispuestos a dar peleas como candidatos a concejales.<\/p>\n<p>Leandro \u201cLalo\u201d Montti, est\u00e1 inscripto como primer candidato en la n\u00f3mina de concejales de lista de Mami D\u00edaz y busca revalidar ese lugar.<\/p>\n<p>Mar\u00eda Bel\u00e9n Gogga, Marcos Gonz\u00e1lez y Gladys Hanke respectivamente son los nombres que figuran en la l\u00ednea de Marcos Bassi en busca de apoyo para llegar al HCD de Goya. Siempre y cuando la Junta electoral no realice cambio, esos nombres son los que participen de la compulsa prevista para el domingo 9 de marzo del corriente a\u00f1o.<\/p>\n","protected":false},"excerpt":{"rendered":"<p>Son dos las nominas que van a estar a consideraci\u00f3n de los afiliados del PJ de Goya, de un padr\u00f3n cercano a los 12 mil electores. Marcos Bassi y Fernanda Esmay como presidente y secretaria van por un sector, en tanto que enfrente lo tendr\u00e1 Julia Josefa D\u00edaz y Matias Bianciotto, compitiendo para los mencionados [&hellip;]<\/p>\n","protected":false},"author":2,"featured_media":29163,"comment_status":"open","ping_status":"open","sticky":false,"template":"","format":"standard","meta":{"footnotes":""},"categories":[56,66],"tags":[],"class_list":["post-29162","post","type-post","status-publish","format-standard","has-post-thumbnail","hentry","category-locales","category-politica-nacionales"],"_links":{"self":[{"href":"https:\/\/radiosurfm.com\/web\/wp-json\/wp\/v2\/posts\/29162","targetHints":{"allow":["GET"]}}],"collection":[{"href":"https:\/\/radiosurfm.com\/web\/wp-json\/wp\/v2\/posts"}],"about":[{"href":"https:\/\/radiosurfm.com\/web\/wp-json\/wp\/v2\/types\/post"}],"author":[{"embeddable":true,"href":"https:\/\/radiosurfm.com\/web\/wp-json\/wp\/v2\/users\/2"}],"replies":[{"embeddable":true,"href":"https:\/\/radiosurfm.com\/web\/wp-json\/wp\/v2\/comments?post=29162"}],"version-history":[{"count":0,"href":"https:\/\/radiosurfm.com\/web\/wp-json\/wp\/v2\/posts\/29162\/revisions"}],"wp:featuredmedia":[{"embeddable":true,"href":"https:\/\/radiosurfm.com\/web\/wp-json\/wp\/v2\/media\/29163"}],"wp:attachment":[{"href":"https:\/\/radiosurfm.com\/web\/wp-json\/wp\/v2\/media?parent=29162"}],"wp:term":[{"taxonomy":"category","embeddable":true,"href":"https:\/\/radiosurfm.com\/web\/wp-json\/wp\/v2\/categories?post=29162"},{"taxonomy":"post_tag","embeddable":true,"href":"https:\/\/radiosurfm.com\/web\/wp-json\/wp\/v2\/tags?post=29162"}],"curies":[{"name":"wp","href":"https:\/\/api.w.org\/{rel}","templated":true}]}}