{"id":29168,"date":"2025-02-18T14:06:40","date_gmt":"2025-02-18T17:06:40","guid":{"rendered":"https:\/\/radiosurfm.com\/web\/?p=29168"},"modified":"2025-02-18T14:06:40","modified_gmt":"2025-02-18T17:06:40","slug":"la-salud-del-papa-continua-sin-fiebre-pero-su-programacion-para-el-fin-de-semana-fue-suspendida","status":"publish","type":"post","link":"https:\/\/radiosurfm.com\/web\/2025\/02\/18\/la-salud-del-papa-continua-sin-fiebre-pero-su-programacion-para-el-fin-de-semana-fue-suspendida\/","title":{"rendered":"La salud del Papa: contin\u00faa sin fiebre pero su programaci\u00f3n para el fin de semana fue suspendida"},"content":{"rendered":"<p>El papa Francisco presentaba un estado cl\u00ednico estable en las \u00faltimas horas pero el Vaticano anunci\u00f3 este martes que cancel\u00f3 sus compromisos programados para el pr\u00f3ximo fin de semana.<\/p>\n<p>En el quinto d\u00eda de hospitalizaci\u00f3n del pont\u00edfice, de 88 a\u00f1os, por una infecci\u00f3n respiratoria que provoc\u00f3 gran inquietud, el Vaticano inform\u00f3 el Sumo Pont\u00edfice qued\u00f3 conmovido &#8220;por los numerosos mensajes de afecto y cercan\u00eda&#8221; que recibi\u00f3 en las \u00faltimas horas y no present\u00f3 fiebre.<\/p>\n<p>Con respecto a su estado de \u00e1nimo agradeci\u00f3 &#8220;a los que se encuentran hospitalizados, por el afecto y el cari\u00f1o que le expresan a trav\u00e9s de dibujos y mensajes de buenos deseos&#8221;. &#8220;Reza por ellos y pide que recen por \u00e9l&#8221;, se\u00f1al\u00f3 un comunicado de prensa emitido en las \u00faltimas horas.<\/p>\n<p>El papa Francisco fue ingresado al Policl\u00ednico Agostino Gemelli de Roma el pasado 14 de febrero para realizar algunas pruebas m\u00e9dicas y continuar en ambiente hospitalario su tratamiento para la bronquitis.<\/p>\n<p>Inactividad el s\u00e1bado y el domingo<\/p>\n<p>&#8220;Debido al estado de salud del Santo Padre, la audiencia jubilar del s\u00e1bado 22 de febrero queda cancelada&#8221; y Francisco no podr\u00e1 presidir la misa del domingo, anunci\u00f3 la Santa Sede en un comunicado. El Vaticano anunci\u00f3 el lunes que el papa, ingresado desde el viernes, padec\u00eda una &#8220;infecci\u00f3n polimicrobiana de las v\u00edas respiratorias&#8221; y mostraba un &#8220;cuadro cl\u00ednico complejo&#8221;, dando a entender que permanecer\u00eda hospitalizado hasta al menos el mi\u00e9rcoles, el d\u00eda de su audiencia general que ya fue cancelada.<\/p>\n<p>Pese a los reiterados problemas de salud de los \u00faltimos a\u00f1os &#8211;problemas de cadera, dolores en la rodilla, operaciones, infecciones respiratorias&#8211;, el argentino Jorge Bergoglio mantuvo un ritmo desenfrenado en el Vaticano, seg\u00fan el an\u00e1lisis del sitio RFI.<\/p>\n<p>Transita su cuarta internaci\u00f3n en otros tantos a\u00f1os.<\/p>\n<p>La hospitalizaci\u00f3n del Papa es la cuarta en menos de cuatro a\u00f1os y relanz\u00f3 el debate sobre su salud.<\/p>\n","protected":false},"excerpt":{"rendered":"<p>El papa Francisco presentaba un estado cl\u00ednico estable en las \u00faltimas horas pero el Vaticano anunci\u00f3 este martes que cancel\u00f3 sus compromisos programados para el pr\u00f3ximo fin de semana. En el quinto d\u00eda de hospitalizaci\u00f3n del pont\u00edfice, de 88 a\u00f1os, por una infecci\u00f3n respiratoria que provoc\u00f3 gran inquietud, el Vaticano inform\u00f3 el Sumo Pont\u00edfice qued\u00f3 [&hellip;]<\/p>\n","protected":false},"author":2,"featured_media":29169,"comment_status":"open","ping_status":"open","sticky":false,"template":"","format":"standard","meta":{"footnotes":""},"categories":[70,64],"tags":[],"class_list":["post-29168","post","type-post","status-publish","format-standard","has-post-thumbnail","hentry","category-mundo","category-nacionales"],"_links":{"self":[{"href":"https:\/\/radiosurfm.com\/web\/wp-json\/wp\/v2\/posts\/29168","targetHints":{"allow":["GET"]}}],"collection":[{"href":"https:\/\/radiosurfm.com\/web\/wp-json\/wp\/v2\/posts"}],"about":[{"href":"https:\/\/radiosurfm.com\/web\/wp-json\/wp\/v2\/types\/post"}],"author":[{"embeddable":true,"href":"https:\/\/radiosurfm.com\/web\/wp-json\/wp\/v2\/users\/2"}],"replies":[{"embeddable":true,"href":"https:\/\/radiosurfm.com\/web\/wp-json\/wp\/v2\/comments?post=29168"}],"version-history":[{"count":0,"href":"https:\/\/radiosurfm.com\/web\/wp-json\/wp\/v2\/posts\/29168\/revisions"}],"wp:featuredmedia":[{"embeddable":true,"href":"https:\/\/radiosurfm.com\/web\/wp-json\/wp\/v2\/media\/29169"}],"wp:attachment":[{"href":"https:\/\/radiosurfm.com\/web\/wp-json\/wp\/v2\/media?parent=29168"}],"wp:term":[{"taxonomy":"category","embeddable":true,"href":"https:\/\/radiosurfm.com\/web\/wp-json\/wp\/v2\/categories?post=29168"},{"taxonomy":"post_tag","embeddable":true,"href":"https:\/\/radiosurfm.com\/web\/wp-json\/wp\/v2\/tags?post=29168"}],"curies":[{"name":"wp","href":"https:\/\/api.w.org\/{rel}","templated":true}]}}