{"id":29195,"date":"2025-02-19T15:13:05","date_gmt":"2025-02-19T18:13:05","guid":{"rendered":"https:\/\/radiosurfm.com\/web\/?p=29195"},"modified":"2025-02-19T15:13:05","modified_gmt":"2025-02-19T18:13:05","slug":"peligra-el-inicio-de-las-clases-en-12-provincias-por-una-medida-de-fuerza-de-los-sindicatos-docentes","status":"publish","type":"post","link":"https:\/\/radiosurfm.com\/web\/2025\/02\/19\/peligra-el-inicio-de-las-clases-en-12-provincias-por-una-medida-de-fuerza-de-los-sindicatos-docentes\/","title":{"rendered":"Peligra el inicio de las clases en 12 provincias por una medida de fuerza de los sindicatos docentes"},"content":{"rendered":"<p>El comienzo de las clases podr\u00eda complicarse el lunes pr\u00f3ximo en 12 provincias: en el primer conflicto salarial de 2025, los sindicatos docentes de la CGT y la CTERA anunciar\u00e1n medidas de fuerza este jueves ante la demora del Gobierno en convocar a la paritaria nacional docente.<\/p>\n<p>Aunque todav\u00eda no est\u00e1 confirmado, se tratar\u00eda de un paro de 24 horas que se concretar\u00eda el mismo lunes y en el que coincidir\u00e1n, por separado, los gremios cegetistas Uni\u00f3n Docentes Argentinos (UDA), la Asociaci\u00f3n Del Magisterio de Ense\u00f1anza T\u00e9cnica (AMET) y la Confederaci\u00f3n de Educadores Argentinos (CEA), que har\u00e1n una conferencia de prensa el jueves, a las 11, para efectuar el anuncio, mientras que, desde las 12, la Confederaci\u00f3n de Trabajadores de la Educaci\u00f3n de la Rep\u00fablica Argentina (CTERA) debatir\u00e1 sus pasos en un plenario de secretarios generales.<\/p>\n<p>La posible protesta afectar\u00eda el inicio del ciclo lectivo en la Ciudad de Buenos Aires, C\u00f3rdoba, Santa Fe, Corrientes, Entre R\u00edos, Formosa, Jujuy, Mendoza, Salta, San Juan, San Luis y Santa Cruz.<\/p>\n<p>La semana pasada, como anticip\u00f3 Infobae, los gremios docentes que integran la CGT analizaron la situaci\u00f3n salarial del sector y advirtieron que podr\u00eda desatarse un conflicto: \u201cEstamos a horas del inicio de clases y todav\u00eda no hubo una convocatoria a la negociaci\u00f3n salarial a nivel nacional\u201d, afirm\u00f3 a este medio el secretario de Pol\u00edticas Educativas cegetista, Sergio Romero (UDA).<\/p>\n<p>\u201cNo nos vamos a a hacer responsables si vamos a un conflicto porque hay un solo responsable, que es el gobierno nacional -enfatiz\u00f3 el l\u00edder gremial-, pero seguiremos trabajando con los sindicatos docentes que integran la CGT para buscar una salida a las grandes necesidades que tiene el sistema educativo y a las profundas carencias que tiene el salario de los educadores en nuestro pa\u00eds\u201d.<\/p>\n<p>Romero habl\u00f3 tras una reuni\u00f3n que mantuvo en la sede de Azopardo 802 con otros dirigentes del sector, Sara Garc\u00eda (AMET) y Fabi\u00e1n Felman (CEA), en donde evaluaron la crisis salarial del sector, donde el sueldo m\u00ednimo de los docentes se mantiene en $420 mil desde el 22 de agosto pasado, una cifra que, destac\u00f3 el titular de UDA, \u201cse encuentra por debajo de la l\u00ednea de indigencia\u201d.<\/p>\n<p>Seg\u00fan un relevamiento efectuado por UDA, el ranking de los salarios m\u00ednimos docentes en el mes de enero pasado en todo el pa\u00eds es el siguiente: Catamarca, $420.000; Santiago del Estero, $450.000; La Rioja, $450.000; Misiones, $521.904; Formosa, $540.000; Salta, $540.672; Chubut, $544.808; provincia de Buenos Aires, $553.075; Entre R\u00edos, $563.000; Mendoza, $570.000; Chaco, $592.000; San Luis, $623.546; Jujuy, $625.000; Corrientes, $635.000; Santa Fe, $633.137; CABA, $673.000; C\u00f3rdoba, $755.000; Tierra del Fuego, $804.338; Santa Cruz, $840.000, y R\u00edo Negro $931.186.<\/p>\n<p>El jueves pasado, la CTERA, que encabezan Sonia Alesso y Roberto Baradel, denunci\u00f3 que hasta ese momento \u201ca\u00fan no ha sido convocada a la reuni\u00f3n de la paritaria nacional docente\u201d y critic\u00f3 \u201cel ajuste brutal que impacta no s\u00f3lo en los salarios docentes, sino tambi\u00e9n en las condiciones de aprendizaje que se agravan d\u00eda a d\u00eda con este corrimiento del Estado Nacional de su obligaci\u00f3n legal de sostener, junto a las provincias, el derecho a la educaci\u00f3n en todo el territorio nacional\u201d.<\/p>\n<p>Por eso citaron para este jueves a un plenario de secretarios generales de todos los sindicatos que integran la entidad para \u201canalizar y resolver acciones gremiales ante esta grave situaci\u00f3n\u201d.<\/p>\n<p>Consultadas acerca del anuncio sobre un paro nacional, fuentes de CTERA aclararon: \u201cTenemos que esperar el plenario para ver la situaci\u00f3n de las provincias, pero es muy probable (que se dispongan protestas) porque estamos reclamando la restituci\u00f3n del Fondo Nacional de Incentivo Docente, la convocatoria a la paritaria nacional y el financiamiento nacional para la educaci\u00f3n\u201d.<\/p>\n<p>En declaraciones radiales, al hablar sobre los reclamos salariales, Alesso dijo la semana pasada que \u201cva a ser un a\u00f1o conflictivo en ese sentido porque el salario ha quedado muy bajo en el sector p\u00fablico, se nota mucho, y la situaci\u00f3n de inflaci\u00f3n no recupera lo que nosotros perdimos\u201d.<\/p>\n<p>De todas formas, en cada distrito se mantienen negociaciones para recomponer los salarios. A\u00fan no hubo acuerdo en Santa Fe, Entre R\u00edos, Corrientes y Santa Cruz.<\/p>\n","protected":false},"excerpt":{"rendered":"<p>El comienzo de las clases podr\u00eda complicarse el lunes pr\u00f3ximo en 12 provincias: en el primer conflicto salarial de 2025, los sindicatos docentes de la CGT y la CTERA anunciar\u00e1n medidas de fuerza este jueves ante la demora del Gobierno en convocar a la paritaria nacional docente. Aunque todav\u00eda no est\u00e1 confirmado, se tratar\u00eda de [&hellip;]<\/p>\n","protected":false},"author":2,"featured_media":29196,"comment_status":"open","ping_status":"open","sticky":false,"template":"","format":"standard","meta":{"footnotes":""},"categories":[65,64],"tags":[],"class_list":["post-29195","post","type-post","status-publish","format-standard","has-post-thumbnail","hentry","category-economia","category-nacionales"],"_links":{"self":[{"href":"https:\/\/radiosurfm.com\/web\/wp-json\/wp\/v2\/posts\/29195","targetHints":{"allow":["GET"]}}],"collection":[{"href":"https:\/\/radiosurfm.com\/web\/wp-json\/wp\/v2\/posts"}],"about":[{"href":"https:\/\/radiosurfm.com\/web\/wp-json\/wp\/v2\/types\/post"}],"author":[{"embeddable":true,"href":"https:\/\/radiosurfm.com\/web\/wp-json\/wp\/v2\/users\/2"}],"replies":[{"embeddable":true,"href":"https:\/\/radiosurfm.com\/web\/wp-json\/wp\/v2\/comments?post=29195"}],"version-history":[{"count":0,"href":"https:\/\/radiosurfm.com\/web\/wp-json\/wp\/v2\/posts\/29195\/revisions"}],"wp:featuredmedia":[{"embeddable":true,"href":"https:\/\/radiosurfm.com\/web\/wp-json\/wp\/v2\/media\/29196"}],"wp:attachment":[{"href":"https:\/\/radiosurfm.com\/web\/wp-json\/wp\/v2\/media?parent=29195"}],"wp:term":[{"taxonomy":"category","embeddable":true,"href":"https:\/\/radiosurfm.com\/web\/wp-json\/wp\/v2\/categories?post=29195"},{"taxonomy":"post_tag","embeddable":true,"href":"https:\/\/radiosurfm.com\/web\/wp-json\/wp\/v2\/tags?post=29195"}],"curies":[{"name":"wp","href":"https:\/\/api.w.org\/{rel}","templated":true}]}}