{"id":29209,"date":"2025-02-20T12:43:04","date_gmt":"2025-02-20T15:43:04","guid":{"rendered":"https:\/\/radiosurfm.com\/web\/?p=29209"},"modified":"2025-02-20T12:43:04","modified_gmt":"2025-02-20T15:43:04","slug":"torneo-provincial-de-futbol-matienzo-debuta-en-la-competencia-provincial-el-domingo-23-el-coliseo-de-la-rolon","status":"publish","type":"post","link":"https:\/\/radiosurfm.com\/web\/2025\/02\/20\/torneo-provincial-de-futbol-matienzo-debuta-en-la-competencia-provincial-el-domingo-23-el-coliseo-de-la-rolon\/","title":{"rendered":"TORNEO PROVINCIAL DE F\u00daTBOL: Matienzo debuta en la competencia provincial el domingo 23 el &#8220;Coliseo de la Rol\u00f3n&#8221;"},"content":{"rendered":"<p>El presidente de la entidad aurinegra Oscar Morales considera que han conformado un buen equipo competitivo para el provincial, destaca la alegr\u00eda de retornar al torneo provincial, e invita a los socios, simpatizantes y aficionados en general a acompa\u00f1ar a Matienzo en su presentaci\u00f3n el domingo.<\/p>\n<div>En declaraciones radiales, Oscar Morales anticipa que se aguarda una gran convocatoria el domingo en su estadio &#8220;Jos\u00e9 Eulogio Pezzelato&#8221;, para el debut de Matienzo ante el Deportivo Concepci\u00f3n. &#8220;Estamos evaluando el costo de la entrada, entendemos que para los socios que tengan su cuota al d\u00eda abonar\u00e1n un valor de 2.000 pesos&#8221;, consider\u00f3.<\/div>\n<div><\/div>\n<div><b>ACOMPA\u00d1AMIENTO DE LA AFICI\u00d3N FUTBOLERA<\/b><\/div>\n<div><\/div>\n<div>El dirigente &#8220;matiencista&#8221; se\u00f1al\u00f3: &#8220;Solicitamos a la ciudadan\u00eda a acompa\u00f1ar a Matienzo, por el esfuerzo que hacen los clubes para participar en el Provincial, los 3 clubes de nuestra ciudad (Hurac\u00e1n, Central y Matienzo) presentamos equipos competitivos dentro de un certamen importante como es el provincial, teniendo en cuenta que los otros dos no disputan sus compromisos en Goya. Necesitamos del acompa\u00f1amiento del aficionado&#8221;, afirm\u00f3.<\/div>\n<div><\/div>\n<div>&#8220;El partido est\u00e1 previsto su inicio a las 18 horas, por las altas temperaturas. Si la noche llega, tenemos en \u00f3ptimas condiciones nuestro sistema lum\u00ednico&#8221;, record\u00f3 Morales.<\/div>\n<div><\/div>\n<div><b>EQUIPO COMPETITIVO<\/b><\/div>\n<div><\/div>\n<div>Consultado sobre la conformaci\u00f3n del plantel para disputar el provincial, indic\u00f3: &#8220;Hemos trabajado con nuestro equipo t\u00e9cnico liderado por Carlos G\u00f3mez en la conformaci\u00f3n del plantel. Matienzo ten\u00eda un plantel corto en jugadores y en edad, salimos a la b\u00fasqueda de jugadores del \u00e1mbito local, y agradecemos a los clubes por la cesi\u00f3n de esos deportistas requeridos. Hemos tra\u00eddo 14 refuerzos, entre los que se destacan Johna Silvero, &#8220;Machito&#8221; Gauna, Justo Sosa, proveniente de la Liga de C\u00f3rdoba, Rodrigo Bejarano que retorna al club, &#8220;Nino&#8221; Vallejos, de Sportivo. Un equipo bastante competitivo, ahora aguardamos que en la cancha se den los resultados&#8221;.<\/div>\n<div><\/div>\n<div><b>RECUPERAR LA GLORIA DEPORTIVA<\/b><\/div>\n<div><\/div>\n<div>En otro tramo del di\u00e1logo radial, el presidente calific\u00f3: &#8220;Estos torneos te dan grandeza, son los campeonatos que queremos disputar, para recuperar la gloria. Hemos tomado la decisi\u00f3n de conformar un equipo de prensa institucional, est\u00e1n trabajando en las redes para que el matiencista est\u00e9 al tanto de todas las novedades. Otro aspecto que es bueno resaltar es la aprobaci\u00f3n de los documentos de nuestra asamblea, que nos da el orden institucional. Estamos trabajando para dejar en mejores condiciones nuestra casa&#8221;, afirm\u00f3.<\/div>\n<div><\/div>\n<div><b>INVITACI\u00d3N A CONCURRIR AL COLISEO DE LA J. J. ROL\u00d3N<\/b><\/div>\n<div><\/div>\n<div>&#8220;Invitamos para el domingo a las 18 horas, en nuestro estadio, estamos expectantes para nuestro debut, ansiosos por la buena pretemporada, con el objetivo de posicionar a nuestro club. Esperamos tener una buena cantidad de espectadores, anhelando sea un buen espect\u00e1culo deportivo&#8221;, concluy\u00f3 el presidente de Matienzo Oscar Morales.<\/div>\n<div><\/div>\n","protected":false},"excerpt":{"rendered":"<p>El presidente de la entidad aurinegra Oscar Morales considera que han conformado un buen equipo competitivo para el provincial, destaca la alegr\u00eda de retornar al torneo provincial, e invita a los socios, simpatizantes y aficionados en general a acompa\u00f1ar a Matienzo en su presentaci\u00f3n el domingo. En declaraciones radiales, Oscar Morales anticipa que se aguarda [&hellip;]<\/p>\n","protected":false},"author":2,"featured_media":29210,"comment_status":"open","ping_status":"open","sticky":false,"template":"","format":"standard","meta":{"footnotes":""},"categories":[83,56],"tags":[],"class_list":["post-29209","post","type-post","status-publish","format-standard","has-post-thumbnail","hentry","category-deporte","category-locales"],"_links":{"self":[{"href":"https:\/\/radiosurfm.com\/web\/wp-json\/wp\/v2\/posts\/29209","targetHints":{"allow":["GET"]}}],"collection":[{"href":"https:\/\/radiosurfm.com\/web\/wp-json\/wp\/v2\/posts"}],"about":[{"href":"https:\/\/radiosurfm.com\/web\/wp-json\/wp\/v2\/types\/post"}],"author":[{"embeddable":true,"href":"https:\/\/radiosurfm.com\/web\/wp-json\/wp\/v2\/users\/2"}],"replies":[{"embeddable":true,"href":"https:\/\/radiosurfm.com\/web\/wp-json\/wp\/v2\/comments?post=29209"}],"version-history":[{"count":0,"href":"https:\/\/radiosurfm.com\/web\/wp-json\/wp\/v2\/posts\/29209\/revisions"}],"wp:featuredmedia":[{"embeddable":true,"href":"https:\/\/radiosurfm.com\/web\/wp-json\/wp\/v2\/media\/29210"}],"wp:attachment":[{"href":"https:\/\/radiosurfm.com\/web\/wp-json\/wp\/v2\/media?parent=29209"}],"wp:term":[{"taxonomy":"category","embeddable":true,"href":"https:\/\/radiosurfm.com\/web\/wp-json\/wp\/v2\/categories?post=29209"},{"taxonomy":"post_tag","embeddable":true,"href":"https:\/\/radiosurfm.com\/web\/wp-json\/wp\/v2\/tags?post=29209"}],"curies":[{"name":"wp","href":"https:\/\/api.w.org\/{rel}","templated":true}]}}