{"id":29219,"date":"2025-02-20T12:52:05","date_gmt":"2025-02-20T15:52:05","guid":{"rendered":"https:\/\/radiosurfm.com\/web\/?p=29219"},"modified":"2025-02-20T12:55:26","modified_gmt":"2025-02-20T15:55:26","slug":"pj-en-corrientes-no-descarto-una-alianza-con-ricardo-colombi-dijo-ana-almiron","status":"publish","type":"post","link":"https:\/\/radiosurfm.com\/web\/2025\/02\/20\/pj-en-corrientes-no-descarto-una-alianza-con-ricardo-colombi-dijo-ana-almiron\/","title":{"rendered":"PJ EN CORRIENTES: &#8220;No descarto una alianza con Ricardo Colombi&#8221;, dijo Ana Almir\u00f3n"},"content":{"rendered":"<p>Ana Almir\u00f3n, es quien ser\u00e1 designada como nueva presidente del Partido Justicialista en la provincia de Corrientes.<\/p>\n<p>\u201cLa proclamaci\u00f3n de la lista presentada ser\u00eda oficializada el s\u00e1bado 22 de febrero, adem\u00e1s de anunciarse las localidades que disputar\u00e1n internas. Como hay una sola lista presentada, ese d\u00eda quedar\u00eda oficializada\u201d, comenz\u00f3 diciendo la ex legisladora nacional por Corrientes.<\/p>\n<p>Y agreg\u00f3: \u201cNing\u00fan sector, sobre todo las electivas, puede decir que no fueron escuchados. Nos hemos reunido con los diferentes espacios, por lo que creo que hay un proceso eleccionario que hoy se est\u00e1 cumpliendo. Antes ven\u00edan, nos promet\u00edan internas y despu\u00e9s terminaban arreglando listas a puertas cerradas en CABA. Si hay algo que se garantiz\u00f3 ahora fue la participaci\u00f3n de cualquier afiliado en estas internas. Si los compa\u00f1eros no est\u00e1n conformes con la realizaci\u00f3n de esta lista, entonces deberemos pedir las explicaciones correspondientes\u201d.<\/p>\n<p>Con respecto a la candidatura de Mart\u00edn \u201cTincho\u201d Asc\u00faa a gobernador de la provincia, dijo: \u201cCoincidimos en que Tincho Asc\u00faa fue el \u00fanico que se pronunci\u00f3 y manifest\u00f3 sus intenciones por ser gobernador de Corrientes. El \u00fanico problema ser\u00eda la conformaci\u00f3n de la grilla, pero m\u00e1s all\u00e1 de eso veo un partido renovado con ideas nuevas. Todos somos importantes para el espacio pol\u00edtico\u201d.<\/p>\n<p>Y a\u00f1adi\u00f3: \u201cNosotros tenemos una conducci\u00f3n nacional, por lo que el di\u00e1logo y la consulta es permanente. De hecho, consulto con Cristina Fern\u00e1ndez de Kirchner sobre la conformaci\u00f3n de nuestras listas. Tambi\u00e9n hubo disidencias, por supuesto\u201d.<\/p>\n<p>Por otro lado, y tocando el tema de las diferentes candidaturas dentro del espacio pol\u00edtico, expres\u00f3: \u201cYa no vemos la hora de que Asc\u00faa pueda salir como candidato a gobernador de Corrientes. Nuestros aliados son muy valorables, y celebro que ahora tenemos tres candidatos: Asc\u00faa, Germ\u00e1n Braillard Poccard y Emiliano Fern\u00e1ndez. Podemos trabajar con encuestas y mediciones con el objetivo de llegar a junio con un candidato definido\u201d.<\/p>\n<p>Y solt\u00f3 con respecto a las futuras elecciones provinciales: \u201cCreo que ninguna de las fuerzas en Corrientes est\u00e1 en condiciones de ganar en primera vuelta\u201d.<\/p>\n<p>Por \u00faltimo, Almir\u00f3n se refiri\u00f3 a la posibilidad de realizar alianzas con antiguos opositores con tal de lograr la gobernaci\u00f3n en Corrientes. \u201cVamos a hacer las mejores alianzas entendiendo que nuestro candidato ser\u00e1 peronista. Con eso claro, no descartar\u00e9 a ning\u00fan aliado de cara a conseguir la gobernaci\u00f3n. No descarto una alianza con Ricardo Colombi ni con ning\u00fan otro sector. Yo quiero conseguir la gobernaci\u00f3n en Corrientes. A partir del 9 de marzo seguiremos por un nuevo camino: el de las alianzas y los acuerdos pol\u00edticos\u201d, concluy\u00f3.<\/p>\n<div><\/div>\n","protected":false},"excerpt":{"rendered":"<p>Ana Almir\u00f3n, es quien ser\u00e1 designada como nueva presidente del Partido Justicialista en la provincia de Corrientes. \u201cLa proclamaci\u00f3n de la lista presentada ser\u00eda oficializada el s\u00e1bado 22 de febrero, adem\u00e1s de anunciarse las localidades que disputar\u00e1n internas. Como hay una sola lista presentada, ese d\u00eda quedar\u00eda oficializada\u201d, comenz\u00f3 diciendo la ex legisladora nacional por [&hellip;]<\/p>\n","protected":false},"author":2,"featured_media":29220,"comment_status":"open","ping_status":"open","sticky":false,"template":"","format":"standard","meta":{"footnotes":""},"categories":[66,72],"tags":[],"class_list":["post-29219","post","type-post","status-publish","format-standard","has-post-thumbnail","hentry","category-politica-nacionales","category-provinciales"],"_links":{"self":[{"href":"https:\/\/radiosurfm.com\/web\/wp-json\/wp\/v2\/posts\/29219","targetHints":{"allow":["GET"]}}],"collection":[{"href":"https:\/\/radiosurfm.com\/web\/wp-json\/wp\/v2\/posts"}],"about":[{"href":"https:\/\/radiosurfm.com\/web\/wp-json\/wp\/v2\/types\/post"}],"author":[{"embeddable":true,"href":"https:\/\/radiosurfm.com\/web\/wp-json\/wp\/v2\/users\/2"}],"replies":[{"embeddable":true,"href":"https:\/\/radiosurfm.com\/web\/wp-json\/wp\/v2\/comments?post=29219"}],"version-history":[{"count":0,"href":"https:\/\/radiosurfm.com\/web\/wp-json\/wp\/v2\/posts\/29219\/revisions"}],"wp:featuredmedia":[{"embeddable":true,"href":"https:\/\/radiosurfm.com\/web\/wp-json\/wp\/v2\/media\/29220"}],"wp:attachment":[{"href":"https:\/\/radiosurfm.com\/web\/wp-json\/wp\/v2\/media?parent=29219"}],"wp:term":[{"taxonomy":"category","embeddable":true,"href":"https:\/\/radiosurfm.com\/web\/wp-json\/wp\/v2\/categories?post=29219"},{"taxonomy":"post_tag","embeddable":true,"href":"https:\/\/radiosurfm.com\/web\/wp-json\/wp\/v2\/tags?post=29219"}],"curies":[{"name":"wp","href":"https:\/\/api.w.org\/{rel}","templated":true}]}}