{"id":29232,"date":"2025-02-20T13:11:07","date_gmt":"2025-02-20T16:11:07","guid":{"rendered":"https:\/\/radiosurfm.com\/web\/?p=29232"},"modified":"2025-02-20T13:11:07","modified_gmt":"2025-02-20T16:11:07","slug":"san-martin-de-curuzu-cuatia-tiene-plantel-confirmado-para-su-regreso-la-liga-federal","status":"publish","type":"post","link":"https:\/\/radiosurfm.com\/web\/2025\/02\/20\/san-martin-de-curuzu-cuatia-tiene-plantel-confirmado-para-su-regreso-la-liga-federal\/","title":{"rendered":"San Mart\u00edn de Curuz\u00fa Cuati\u00e1 tiene plantel confirmado para su regreso la Liga Federal"},"content":{"rendered":"<p>La conducci\u00f3n t\u00e9cnica estar\u00e1 a cargo de Horacio Brun, quien tuvo su \u00faltima experiencia en Col\u00f3n de Corrientes como director t\u00e9cnico. Su equipo de trabajo estar\u00e1 conformado con Marcelo D\u00edaz Galeano en la preparaci\u00f3n f\u00edsica y Fabi\u00e1n Noguera como asistente, mientras que Leandro Ortiz continuar\u00e1 como kinesi\u00f3logo del plantel.<\/p>\n<p>El Santo logr\u00f3 un lugar en la competencia nacional luego de clasificarse entre los cuatro mejores del torneo Pre-federal 2024, en el cual tambi\u00e9n consigui\u00f3 su s\u00e9ptimo t\u00edtulo a nivel provincial tras coronarse campe\u00f3n del certamen.<\/p>\n<p>La base del plantel seguir\u00e1 siendo la que mantiene desde que participa de la categor\u00eda con Franco Aguirre, Dami\u00e1n Peruchena (quien retorna luego de su paso por el b\u00e1squet entrerriano) y Agust\u00edn Insaurralde.<\/p>\n<p>La dirigencia curuzucuate\u00f1a tambi\u00e9n fich\u00f3 a N\u00e9stor Alexander L\u00f3pez Allebrant de nacionalidad paraguaya. El pivot se encuentra afectado a la selecci\u00f3n de su pa\u00eds por los compromisos venideros de la fecha Fiba, por lo que a\u00fan no arrib\u00f3 a la ciudad y se lo espera para el 26 del corriente mes.<\/p>\n<p>El cupo de fichas mayores lo completan el Ala pivot Leonel Rodriguez Seu, oriundo de Luis Guill\u00f3n, provincia de Buenos Aires, quien jugara en Villa San Mart\u00edn y El Progreso; adem\u00e1s, del alero correntino Jonathan Monz\u00f3n.<\/p>\n<p>Por otra parte, Santiago Gattari, nacido en Bahia Blanca, y el nacido en capital federal Alex Rol\u00f3n, ocupan los lugares como U21 del plantel.<\/p>\n<p>Como juveniles est\u00e1n confirmados Ignacio Barrios y Juan Pablo Duprat Govi. Si bien la dirigencia contin\u00faa activa en el mercado de pases, el santo ya se encuentra trabajando para iniciar el torneo a mediados de marzo.<\/p>\n","protected":false},"excerpt":{"rendered":"<p>La conducci\u00f3n t\u00e9cnica estar\u00e1 a cargo de Horacio Brun, quien tuvo su \u00faltima experiencia en Col\u00f3n de Corrientes como director t\u00e9cnico. Su equipo de trabajo estar\u00e1 conformado con Marcelo D\u00edaz Galeano en la preparaci\u00f3n f\u00edsica y Fabi\u00e1n Noguera como asistente, mientras que Leandro Ortiz continuar\u00e1 como kinesi\u00f3logo del plantel. El Santo logr\u00f3 un lugar en [&hellip;]<\/p>\n","protected":false},"author":2,"featured_media":29233,"comment_status":"open","ping_status":"open","sticky":false,"template":"","format":"standard","meta":{"footnotes":""},"categories":[83,72],"tags":[],"class_list":["post-29232","post","type-post","status-publish","format-standard","has-post-thumbnail","hentry","category-deporte","category-provinciales"],"_links":{"self":[{"href":"https:\/\/radiosurfm.com\/web\/wp-json\/wp\/v2\/posts\/29232","targetHints":{"allow":["GET"]}}],"collection":[{"href":"https:\/\/radiosurfm.com\/web\/wp-json\/wp\/v2\/posts"}],"about":[{"href":"https:\/\/radiosurfm.com\/web\/wp-json\/wp\/v2\/types\/post"}],"author":[{"embeddable":true,"href":"https:\/\/radiosurfm.com\/web\/wp-json\/wp\/v2\/users\/2"}],"replies":[{"embeddable":true,"href":"https:\/\/radiosurfm.com\/web\/wp-json\/wp\/v2\/comments?post=29232"}],"version-history":[{"count":0,"href":"https:\/\/radiosurfm.com\/web\/wp-json\/wp\/v2\/posts\/29232\/revisions"}],"wp:featuredmedia":[{"embeddable":true,"href":"https:\/\/radiosurfm.com\/web\/wp-json\/wp\/v2\/media\/29233"}],"wp:attachment":[{"href":"https:\/\/radiosurfm.com\/web\/wp-json\/wp\/v2\/media?parent=29232"}],"wp:term":[{"taxonomy":"category","embeddable":true,"href":"https:\/\/radiosurfm.com\/web\/wp-json\/wp\/v2\/categories?post=29232"},{"taxonomy":"post_tag","embeddable":true,"href":"https:\/\/radiosurfm.com\/web\/wp-json\/wp\/v2\/tags?post=29232"}],"curies":[{"name":"wp","href":"https:\/\/api.w.org\/{rel}","templated":true}]}}