{"id":29235,"date":"2025-02-20T13:16:33","date_gmt":"2025-02-20T16:16:33","guid":{"rendered":"https:\/\/radiosurfm.com\/web\/?p=29235"},"modified":"2025-02-20T13:16:33","modified_gmt":"2025-02-20T16:16:33","slug":"presentacion-memorias-del-rio-parana-que-historias-tenemos-con-el-rio","status":"publish","type":"post","link":"https:\/\/radiosurfm.com\/web\/2025\/02\/20\/presentacion-memorias-del-rio-parana-que-historias-tenemos-con-el-rio\/","title":{"rendered":"Presentaci\u00f3n Memorias del R\u00edo Paran\u00e1: \u00bfQu\u00e9 historias tenemos con el r\u00edo?"},"content":{"rendered":"<p><em>Queremos hacer extensiva la invitaci\u00f3n a participar este viernes 21 de febrero 20.30hs en Luis Agote 242, a la presentaci\u00f3n de un proyecto documental parte de Tesis de grado de Lic. en Comunicaci\u00f3n a cargo de Constanza Tomasella.<\/em><\/p>\n<p><em>En la misma habr\u00e1 una charla, exposici\u00f3n de libros y proyecci\u00f3n documental. La actividad se realizar\u00e1 en la sede compartida por Medhes, Fundaci\u00f3n J\u00f3venes y el Foro Multisectorial por la Justicia. \u00a1Te esperamos!<\/em><\/p>\n<p>El pr\u00f3ximo viernes 21 de febrero a las 20:30 hs, en Luis Agote 242 se realizar\u00e1 la presentaci\u00f3n de <strong>&#8220;Memorias del R\u00edo Paran\u00e1&#8221;<\/strong>, un proyecto que busca reconstruir, desde la memoria colectiva, nuestra relaci\u00f3n con el r\u00edo y el entorno de la ribera. Este trabajo propone, desde el cruce entre comunicaci\u00f3n, arte y ecolog\u00eda, repensar la identidad goyana en di\u00e1logo con su territorio.<\/p>\n<p>A trav\u00e9s de relatos, im\u00e1genes y experiencias de los propios habitantes, &#8220;Memorias del R\u00edo Paran\u00e1&#8221; invita a mirar el r\u00edo no solo como un paisaje o un recurso natural, sino como un <strong>corredor biol\u00f3gico y cultural<\/strong>, un espacio vivo que nos conecta con nuestra historia y nuestro presente.<\/p>\n<p>Durante la presentaci\u00f3n, se compartir\u00e1n registros audiovisuales tomados en la isla y la ribera de Goya, tambi\u00e9n se expondr\u00e1n una selecci\u00f3n de textos de autores del litoral que relatan historias, vivencias y poes\u00edas sobre el r\u00edo. Adem\u00e1s, se abrir\u00e1 un espacio para el di\u00e1logo con la comunidad, invitando a los asistentes a compartir sus propias memorias y reflexiones sobre el r\u00edo.<\/p>\n<p>\ud83d\udca7 <strong>La entrada es libre y gratuita.<br \/>\n<\/strong>\ud83d\udca7 <strong>\u00a1Los esperamos para compartir esta memoria viva del r\u00edo!<\/strong><\/p>\n","protected":false},"excerpt":{"rendered":"<p>Queremos hacer extensiva la invitaci\u00f3n a participar este viernes 21 de febrero 20.30hs en Luis Agote 242, a la presentaci\u00f3n de un proyecto documental parte de Tesis de grado de Lic. en Comunicaci\u00f3n a cargo de Constanza Tomasella. En la misma habr\u00e1 una charla, exposici\u00f3n de libros y proyecci\u00f3n documental. La actividad se realizar\u00e1 en [&hellip;]<\/p>\n","protected":false},"author":2,"featured_media":29236,"comment_status":"open","ping_status":"open","sticky":false,"template":"","format":"standard","meta":{"footnotes":""},"categories":[67,56],"tags":[],"class_list":["post-29235","post","type-post","status-publish","format-standard","has-post-thumbnail","hentry","category-cultura","category-locales"],"_links":{"self":[{"href":"https:\/\/radiosurfm.com\/web\/wp-json\/wp\/v2\/posts\/29235","targetHints":{"allow":["GET"]}}],"collection":[{"href":"https:\/\/radiosurfm.com\/web\/wp-json\/wp\/v2\/posts"}],"about":[{"href":"https:\/\/radiosurfm.com\/web\/wp-json\/wp\/v2\/types\/post"}],"author":[{"embeddable":true,"href":"https:\/\/radiosurfm.com\/web\/wp-json\/wp\/v2\/users\/2"}],"replies":[{"embeddable":true,"href":"https:\/\/radiosurfm.com\/web\/wp-json\/wp\/v2\/comments?post=29235"}],"version-history":[{"count":0,"href":"https:\/\/radiosurfm.com\/web\/wp-json\/wp\/v2\/posts\/29235\/revisions"}],"wp:featuredmedia":[{"embeddable":true,"href":"https:\/\/radiosurfm.com\/web\/wp-json\/wp\/v2\/media\/29236"}],"wp:attachment":[{"href":"https:\/\/radiosurfm.com\/web\/wp-json\/wp\/v2\/media?parent=29235"}],"wp:term":[{"taxonomy":"category","embeddable":true,"href":"https:\/\/radiosurfm.com\/web\/wp-json\/wp\/v2\/categories?post=29235"},{"taxonomy":"post_tag","embeddable":true,"href":"https:\/\/radiosurfm.com\/web\/wp-json\/wp\/v2\/tags?post=29235"}],"curies":[{"name":"wp","href":"https:\/\/api.w.org\/{rel}","templated":true}]}}