{"id":29279,"date":"2025-02-24T11:44:27","date_gmt":"2025-02-24T14:44:27","guid":{"rendered":"https:\/\/radiosurfm.com\/web\/?p=29279"},"modified":"2025-02-24T11:44:27","modified_gmt":"2025-02-24T14:44:27","slug":"el-gobierno-decreto-dos-dias-de-duelo-nacional-por-el-asesinato-de-shiri-bibas-y-sus-hijos","status":"publish","type":"post","link":"https:\/\/radiosurfm.com\/web\/2025\/02\/24\/el-gobierno-decreto-dos-dias-de-duelo-nacional-por-el-asesinato-de-shiri-bibas-y-sus-hijos\/","title":{"rendered":"El Gobierno decret\u00f3 dos d\u00edas de duelo nacional por el asesinato de Shiri Bibas y sus hijos"},"content":{"rendered":"<p>El presidente de la Naci\u00f3n, Javier Milei, decret\u00f3 dos d\u00edas de duelo nacional en todo el pa\u00eds en honor a Shiri Bibas y sus hijos, que murieron mientras se encontraban en cautiverio en manos de la organizaci\u00f3n terrorista Hamas.<\/p>\n<p>La medida, publicada este lunes en el Bolet\u00edn Oficial, establece que la bandera nacional permanecer\u00e1 izada a media asta durante los dos d\u00edas de duelo, y que el Ministerio de Relaciones Exteriores expresar\u00e1 las condolencias del gobierno a las familias afectadas.<\/p>\n<p>La medida declara el \u201cduelo nacional en toda la Argentina por el t\u00e9rmino de dos (2) d\u00edas a partir del d\u00eda de la fecha, con motivo del fallecimiento de Shiri, Ariel y Kfir Silberman Bibas\u201d.<\/p>\n<p>El tr\u00e1gico hecho se remonta al ataque terrorista perpetrado el 7 de octubre de 2023 contra el Estado de Israel, donde la organizaci\u00f3n Hamas secuestr\u00f3 a varios civiles, entre ellos, a los miembros de la familia Bibas.<\/p>\n<p>Qu\u00e9 pas\u00f3 con la familia Bibas<\/p>\n<p>Shiri, Ariel y Kfir Bibas fueron secuestrados por Hamas el 7 de octubre de 2023, d\u00eda en el que el grupo terrorista atac\u00f3 a Israel, en un acto que caus\u00f3 al menos 1200 muertos y en el que se estima fueron secuestradas 240 personas. La mujer y los chicos fueron raptados junto con el pap\u00e1 de la familia, Yarden Bibas.<\/p>\n<p>Ese d\u00eda, el 7 de octubre de 2023, Yarden fue separado de la familia y logr\u00f3 comunicarse con su hermana Ofri a trav\u00e9s de mensajes. En ellos, describi\u00f3 parte de la situaci\u00f3n en el kibbutz de Nir Oz, de donde fueron raptados. Se estima que en ese lugar viv\u00edan 400 personas. De ese n\u00famero, al menos 180 fueron asesinadas o secuestradas.<\/p>\n<p>Al momento del ataque, Yarden ten\u00eda 34 a\u00f1os, Shiri 32, y Ariel 4, mientras que Kfir solo ten\u00eda 10 meses. El pap\u00e1 de la familia fue liberado el s\u00e1bado 1 de febrero despu\u00e9s de pasar 484 d\u00edas en cautiverio. Desde entonces, la presi\u00f3n con la liberaci\u00f3n del resto de la familia se intensific\u00f3, entre versiones que suger\u00edan que hab\u00edan muerto.<\/p>\n<p>El martes 18 de febrero, Hamas anunci\u00f3 que entregar\u00eda los cuerpos de Shiri, Ariel y Kfir. Ante esto, la familia emiti\u00f3 un comunicado. \u201cEn las \u00faltimas horas, hemos estado conmocionados tras el anuncio del portavoz de Hamas sobre el regreso planeado de nuestros Shiri, Ariel y Kfir este jueves (20 de febrero) como parte de la fase de liberaci\u00f3n de los restos de los rehenes\u201d, agreg\u00f3.<\/p>\n<p>Esta entrega se produjo durante un acto en el que el grupo terrorista dispuso, sobre una tarima, cuatro ata\u00fades. En ellos, en un principio, estaban los tres miembros de la familia Bibas y Oded Lifshitz, un hombre de 84 a\u00f1os.<\/p>\n<p>Sin embargo, luego del anuncio por parte de las Fuerzas de Defensa de Israel, en el que especificaron que el cuerpo presentado como el de Shiri no correspond\u00eda a ella ni a ning\u00fan otro reh\u00e9n, se sostuvo la incertidumbre en relaci\u00f3n con el paradero y el estado de la argentina-israel\u00ed.<\/p>\n<p>El 21 de febrero, Hamas entreg\u00f3 otro cuerpo a la Cruz Roja Internacional, organizaci\u00f3n que lo dio a Israel para que sus autoridades hicieran los estudios correspondientes. Luego de la evaluaci\u00f3n, fue confirmado que ese \u00faltimo cuerpo entregado s\u00ed corresponde con el de Shiri Bibas.<\/p>\n","protected":false},"excerpt":{"rendered":"<p>El presidente de la Naci\u00f3n, Javier Milei, decret\u00f3 dos d\u00edas de duelo nacional en todo el pa\u00eds en honor a Shiri Bibas y sus hijos, que murieron mientras se encontraban en cautiverio en manos de la organizaci\u00f3n terrorista Hamas. La medida, publicada este lunes en el Bolet\u00edn Oficial, establece que la bandera nacional permanecer\u00e1 izada [&hellip;]<\/p>\n","protected":false},"author":2,"featured_media":29280,"comment_status":"open","ping_status":"open","sticky":false,"template":"","format":"standard","meta":{"footnotes":""},"categories":[70,64],"tags":[],"class_list":["post-29279","post","type-post","status-publish","format-standard","has-post-thumbnail","hentry","category-mundo","category-nacionales"],"_links":{"self":[{"href":"https:\/\/radiosurfm.com\/web\/wp-json\/wp\/v2\/posts\/29279","targetHints":{"allow":["GET"]}}],"collection":[{"href":"https:\/\/radiosurfm.com\/web\/wp-json\/wp\/v2\/posts"}],"about":[{"href":"https:\/\/radiosurfm.com\/web\/wp-json\/wp\/v2\/types\/post"}],"author":[{"embeddable":true,"href":"https:\/\/radiosurfm.com\/web\/wp-json\/wp\/v2\/users\/2"}],"replies":[{"embeddable":true,"href":"https:\/\/radiosurfm.com\/web\/wp-json\/wp\/v2\/comments?post=29279"}],"version-history":[{"count":0,"href":"https:\/\/radiosurfm.com\/web\/wp-json\/wp\/v2\/posts\/29279\/revisions"}],"wp:featuredmedia":[{"embeddable":true,"href":"https:\/\/radiosurfm.com\/web\/wp-json\/wp\/v2\/media\/29280"}],"wp:attachment":[{"href":"https:\/\/radiosurfm.com\/web\/wp-json\/wp\/v2\/media?parent=29279"}],"wp:term":[{"taxonomy":"category","embeddable":true,"href":"https:\/\/radiosurfm.com\/web\/wp-json\/wp\/v2\/categories?post=29279"},{"taxonomy":"post_tag","embeddable":true,"href":"https:\/\/radiosurfm.com\/web\/wp-json\/wp\/v2\/tags?post=29279"}],"curies":[{"name":"wp","href":"https:\/\/api.w.org\/{rel}","templated":true}]}}