{"id":29282,"date":"2025-02-24T11:47:05","date_gmt":"2025-02-24T14:47:05","guid":{"rendered":"https:\/\/radiosurfm.com\/web\/?p=29282"},"modified":"2025-02-24T11:47:05","modified_gmt":"2025-02-24T14:47:05","slug":"primera-huelga-del-2025-este-lunes-24-02-hay-paro-nacional-al-que-adhieren-docentes-de-corrientes","status":"publish","type":"post","link":"https:\/\/radiosurfm.com\/web\/2025\/02\/24\/primera-huelga-del-2025-este-lunes-24-02-hay-paro-nacional-al-que-adhieren-docentes-de-corrientes\/","title":{"rendered":"PRIMERA HUELGA DEL 2025: Este lunes 24\/02 hay Paro Nacional al que adhieren Docentes de Corrientes"},"content":{"rendered":"<p>El Sindicato \u00danico de Trabajadores de la Educaci\u00f3n de Corrientes adhiri\u00f3 al Paro Nacional Docente, convocado con la Confederaci\u00f3n de Trabajadores de la Educaci\u00f3n de la Rep\u00fablica Argentina para este lunes 24 de febrero de 2025. La jornada incluir\u00e1 diversas acciones de protesta como concentraciones, volanteadas, asambleas y radios abiertas.<\/p>\n<p>A nivel nacional SUTECO y CTERA demandan:<br \/>\nLey de Financiamiento Educativo.<br \/>\nRestituci\u00f3n y actualizaci\u00f3n del FONID y Conectividad.<br \/>\nPiso Salarial acorde al contexto actual para que ning\u00fan docente del pa\u00eds est\u00e9 por debajo del mismo.<br \/>\nExigimos mayor Presupuesto Educativo Nacional para garantizar Escuelas en condiciones dignas para ense\u00f1ar y aprender en todo el pa\u00eds.<br \/>\nAumento de las Becas Progresar.<br \/>\nAumento de partidas para refuerzo nutricional de almuerzo y copa de leche.<\/p>\n<p>En Corrientes, el SUTECO y la CTERA demandan:<br \/>\nAumento al Salario B\u00e1sico por arriba de la inflaci\u00f3n real.<br \/>\nSalario Inicial arriba de la L\u00ednea de Pobreza e igual monto hasta en el segundo cargo.<br \/>\n\u00cdtem Movilidad para docentes rurales.<br \/>\n\u00cdtem Zona para docentes de Secundaria.<br \/>\nQue cada cuota del SAC sea igual al 50% del haber (actualmente no llega al 30%).<br \/>\nQue el Fondo Compensador Provincial pase a ser remunerativo.<br \/>\nQue el C\u00f3digo 193 se pague hasta en el segundo cargo.<br \/>\nFin de la liquidaci\u00f3n del haber en cuotas.<br \/>\nEliminaci\u00f3n del pago por terminaci\u00f3n de DNI.<br \/>\nDeroguen Decreto N\u00b059\/95 que afecta a quienes piden licencia por Art. 28.<\/p>\n<p>EL 05\/03 PUEDE HABER PARO DOCENTE EN CORRIENTES<\/p>\n<p>El secretario general del SUTECO, Fernando Ram\u00edrez, se\u00f1al\u00f3 que &#8220;el 5 de marzo tambi\u00e9n puede haber paro docente en Corrientes, si el Gobierno de la Provincia no satisface las demandas salariales, laborales, las mejoras en la infraestructura escolar&#8221; que est\u00e1n demandando los docentes correntinos para antes del inicio del ciclo lectivo 2025.<\/p>\n<p>Fernando Ram\u00edrez record\u00f3 que &#8220;en 2024 \u00faltima actualizaci\u00f3n fue en octubre&#8221;, por lo que el sueldo docente lleva m\u00e1s de cuatro meses sin actualizaci\u00f3n y &#8220;perdi\u00f3 m\u00e1s de 30 puntos frente a la inflaci\u00f3n en 2024 y se suman otros 5 puntos de inflaci\u00f3n de enero y febrero 2025&#8221;.<\/p>\n","protected":false},"excerpt":{"rendered":"<p>El Sindicato \u00danico de Trabajadores de la Educaci\u00f3n de Corrientes adhiri\u00f3 al Paro Nacional Docente, convocado con la Confederaci\u00f3n de Trabajadores de la Educaci\u00f3n de la Rep\u00fablica Argentina para este lunes 24 de febrero de 2025. La jornada incluir\u00e1 diversas acciones de protesta como concentraciones, volanteadas, asambleas y radios abiertas. A nivel nacional SUTECO y [&hellip;]<\/p>\n","protected":false},"author":2,"featured_media":29283,"comment_status":"open","ping_status":"open","sticky":false,"template":"","format":"standard","meta":{"footnotes":""},"categories":[72],"tags":[],"class_list":["post-29282","post","type-post","status-publish","format-standard","has-post-thumbnail","hentry","category-provinciales"],"_links":{"self":[{"href":"https:\/\/radiosurfm.com\/web\/wp-json\/wp\/v2\/posts\/29282","targetHints":{"allow":["GET"]}}],"collection":[{"href":"https:\/\/radiosurfm.com\/web\/wp-json\/wp\/v2\/posts"}],"about":[{"href":"https:\/\/radiosurfm.com\/web\/wp-json\/wp\/v2\/types\/post"}],"author":[{"embeddable":true,"href":"https:\/\/radiosurfm.com\/web\/wp-json\/wp\/v2\/users\/2"}],"replies":[{"embeddable":true,"href":"https:\/\/radiosurfm.com\/web\/wp-json\/wp\/v2\/comments?post=29282"}],"version-history":[{"count":0,"href":"https:\/\/radiosurfm.com\/web\/wp-json\/wp\/v2\/posts\/29282\/revisions"}],"wp:featuredmedia":[{"embeddable":true,"href":"https:\/\/radiosurfm.com\/web\/wp-json\/wp\/v2\/media\/29283"}],"wp:attachment":[{"href":"https:\/\/radiosurfm.com\/web\/wp-json\/wp\/v2\/media?parent=29282"}],"wp:term":[{"taxonomy":"category","embeddable":true,"href":"https:\/\/radiosurfm.com\/web\/wp-json\/wp\/v2\/categories?post=29282"},{"taxonomy":"post_tag","embeddable":true,"href":"https:\/\/radiosurfm.com\/web\/wp-json\/wp\/v2\/tags?post=29282"}],"curies":[{"name":"wp","href":"https:\/\/api.w.org\/{rel}","templated":true}]}}