{"id":29285,"date":"2025-02-24T11:49:24","date_gmt":"2025-02-24T14:49:24","guid":{"rendered":"https:\/\/radiosurfm.com\/web\/?p=29285"},"modified":"2025-02-24T11:49:24","modified_gmt":"2025-02-24T14:49:24","slug":"desesperada-busqueda-se-activo-la-alerta-sofia-por-la-desaparicion-de-un-nene-de-tres-anos-en-cordoba","status":"publish","type":"post","link":"https:\/\/radiosurfm.com\/web\/2025\/02\/24\/desesperada-busqueda-se-activo-la-alerta-sofia-por-la-desaparicion-de-un-nene-de-tres-anos-en-cordoba\/","title":{"rendered":"Desesperada b\u00fasqueda: Se activ\u00f3 la Alerta Sof\u00eda por la desaparici\u00f3n de un nene de tres a\u00f1os en C\u00f3rdoba"},"content":{"rendered":"<p>Este lunes se activ\u00f3 la Alerta Sof\u00eda y contin\u00faa la b\u00fasqueda de Lian Gael Flores Soralde, el nene de 3 a\u00f1os que desapareci\u00f3 el s\u00e1bado por la tarde, cuando sali\u00f3 al patio de su casa a jugar, en la localidad de Ballesteros Sud, C\u00f3rdoba.<\/p>\n<p>Durante la madrugada, efectivos de la Departamental Uni\u00f3n, del Departamento de Unidades de Alto Riesgo (DUAR), la Patrulla Rural y Bomberos Voluntarios realizaron un rastrillaje intensivo en diferentes sectores para lograr obtener alg\u00fan dato que ayude a dar con el peque\u00f1o. Lian tiene tez trigue\u00f1a, pelo corto de color negro y mide aproximadamente 90 cent\u00edmetros. Al momento de su desaparici\u00f3n, el nene llevaba un pantal\u00f3n corto azul, no ten\u00eda remera y se encontraba descalzo.<\/p>\n<p>Ahora, el Ministerio de Seguridad de la Naci\u00f3n, en coordinaci\u00f3n con el Sistema Federal de B\u00fasqueda de Personas Desaparecidas y Extraviadas (SIFEBU) activ\u00f3 el Programa Alerta Sof\u00eda para la b\u00fasqueda del nene, la cual fue solicitada por la Fiscal\u00eda de la 2\u00b0 nominaci\u00f3n de Belle Ville.<\/p>\n<p>&#8220;Se solicita a la comunidad que cualquier informaci\u00f3n relevante sea comunicada a la Fiscal\u00eda de Bell Ville, a los tel\u00e9fonos 03537 450010 o 03537 450013, al 911 o 101 de emergencias, o en cualquier sede policial o judicial\u201d, indicaron en un comunicado de la fiscal\u00eda que tiene a cargo la causa por averiguaci\u00f3n de paradero.<\/p>\n<p>Que\u0301 es Alerta Sofi\u0301a<\/p>\n<p>La Alerta Sof\u00eda es un sistema de alerta de emergencia r\u00e1pida desarrollado por el Ministerio de Seguridad de la Naci\u00f3n para coordinar la inmediata b\u00fasqueda y localizaci\u00f3n de los ni\u00f1os y adolescentes desaparecidos cuyas vidas se consideren en \u201cAlto Riesgo Inminente\u201d, mediante el trabajo articulado entre las entidades del sector p\u00fablico y el sector privado, los medios de comunicaci\u00f3n y la sociedad civil.<\/p>\n<p>Especialmente, implica la difusi\u00f3n masiva y orientada del caso, a trav\u00e9s de afiches espec\u00edficos, medios de comunicaci\u00f3n, redes sociales, telefon\u00eda celular, dispositivos de las fuerzas federales, etc\u00e9tera.<\/p>\n<p>Para su implementaci\u00f3n a nivel internacional, se cuenta con el apoyo de Facebook y el Centro Internacional sobre ni\u00f1os desaparecidos y explotados (ICMEC).<\/p>\n<p>La alerta debe solicitarla la autoridad judicial a cargo de la investigaci\u00f3n, de acuerdo a los requisitos establecidos en el programa:<\/p>\n<p>que la persona desaparecida sea un ni\u00f1o o adolescente (menor de 18 a\u00f1os de edad);<br \/>\nque exista una denuncia oficial;<br \/>\nque el caso sea comunicado al SIFEBU;<br \/>\nque se encuentre en curso una investigaci\u00f3n penal que verifique que la desaparici\u00f3n se vincula con una privaci\u00f3n ileg\u00edtima de la libertad y\/o que haya descartado hip\u00f3tesis alternativas para localizar de manera inmediata al ni\u00f1o o adolescente.<br \/>\nque el caso sea de \u201cAlto Riesgo Inminente\u201d. Los criterios para la determinaci\u00f3n de esta situaci\u00f3n son: que hayan pasado menos de 72 horas de la desaparici\u00f3n; que la persona desaparecida sea discapacitada; que haya presencia de adultos relacionados con la desaparici\u00f3n; que se haya dado una situaci\u00f3n at\u00edpica; que se evidencie un contexto de violencia; que el ni\u00f1o o adolescente precise medicamentos, entre otros.<br \/>\nque se cuente con informaci\u00f3n precisa, suficiente y relevante para difundir p\u00fablicamente la b\u00fasqueda, para que la ciudadan\u00eda coopere en la localizaci\u00f3n del ni\u00f1o o adolescente desaparecido y\/o del\/s responsable\/s de su desaparici\u00f3n.<br \/>\nque la difusi\u00f3n p\u00fablica de la informaci\u00f3n relacionada a la desaparici\u00f3n no sea perjudicial para la integridad del ni\u00f1o o adolescente.<br \/>\nEl requerimiento de activaci\u00f3n debe estar expresamente suscripto por la autoridad judicial.<\/p>\n","protected":false},"excerpt":{"rendered":"<p>Este lunes se activ\u00f3 la Alerta Sof\u00eda y contin\u00faa la b\u00fasqueda de Lian Gael Flores Soralde, el nene de 3 a\u00f1os que desapareci\u00f3 el s\u00e1bado por la tarde, cuando sali\u00f3 al patio de su casa a jugar, en la localidad de Ballesteros Sud, C\u00f3rdoba. Durante la madrugada, efectivos de la Departamental Uni\u00f3n, del Departamento de [&hellip;]<\/p>\n","protected":false},"author":2,"featured_media":29286,"comment_status":"open","ping_status":"open","sticky":false,"template":"","format":"standard","meta":{"footnotes":""},"categories":[64,68],"tags":[],"class_list":["post-29285","post","type-post","status-publish","format-standard","has-post-thumbnail","hentry","category-nacionales","category-policiales-nacionales"],"_links":{"self":[{"href":"https:\/\/radiosurfm.com\/web\/wp-json\/wp\/v2\/posts\/29285","targetHints":{"allow":["GET"]}}],"collection":[{"href":"https:\/\/radiosurfm.com\/web\/wp-json\/wp\/v2\/posts"}],"about":[{"href":"https:\/\/radiosurfm.com\/web\/wp-json\/wp\/v2\/types\/post"}],"author":[{"embeddable":true,"href":"https:\/\/radiosurfm.com\/web\/wp-json\/wp\/v2\/users\/2"}],"replies":[{"embeddable":true,"href":"https:\/\/radiosurfm.com\/web\/wp-json\/wp\/v2\/comments?post=29285"}],"version-history":[{"count":0,"href":"https:\/\/radiosurfm.com\/web\/wp-json\/wp\/v2\/posts\/29285\/revisions"}],"wp:featuredmedia":[{"embeddable":true,"href":"https:\/\/radiosurfm.com\/web\/wp-json\/wp\/v2\/media\/29286"}],"wp:attachment":[{"href":"https:\/\/radiosurfm.com\/web\/wp-json\/wp\/v2\/media?parent=29285"}],"wp:term":[{"taxonomy":"category","embeddable":true,"href":"https:\/\/radiosurfm.com\/web\/wp-json\/wp\/v2\/categories?post=29285"},{"taxonomy":"post_tag","embeddable":true,"href":"https:\/\/radiosurfm.com\/web\/wp-json\/wp\/v2\/tags?post=29285"}],"curies":[{"name":"wp","href":"https:\/\/api.w.org\/{rel}","templated":true}]}}